{"id":31211,"date":"2026-03-03T20:41:44","date_gmt":"2026-03-03T23:41:44","guid":{"rendered":"https:\/\/www.rosarioalerta.com.ar\/site\/?p=31211"},"modified":"2026-03-03T20:41:46","modified_gmt":"2026-03-03T23:41:46","slug":"ya-son-tres-los-detenidos-por-la-balacera-contra-el-carrefour","status":"publish","type":"post","link":"https:\/\/www.rosarioalerta.com.ar\/site\/archivos\/31211","title":{"rendered":"Ya son tres los detenidos por la balacera contra el Carrefour"},"content":{"rendered":"\n<p>La PDI realiz\u00f3 allanamientos en la zona sudoeste de Rosario, donde detuvieron a una mujer<\/p>\n\n\n\n<p>Con la detenci\u00f3n de una mujer de 26 a\u00f1os, la causa por intimidaci\u00f3n p\u00fablica en el <strong>Carrefour de Ocampo y Chacabuco<\/strong> sum\u00f3 un nuevo cap\u00edtulo. El procedimiento se realiz\u00f3 este, martes en la zona sudoeste de Rosario. La investigaci\u00f3n, a cargo de la fiscal <strong>Marisol Barros<\/strong>, busca esclarecer el <strong>ataque a tiros ocurrido el 22 de febrero<\/strong> en el ingreso al estacionamiento del supermercado, donde <strong>una persona result\u00f3 herida<\/strong>. Seg\u00fan la acusaci\u00f3n preliminar, la detenida habr\u00eda cumplido tareas de vigilancia.<\/p>\n\n\n\n<p>Personal de la <strong>Polic\u00eda de Investigaciones<\/strong> (PDI) llev\u00f3 adelante tres allanamientos en un pasillo de <strong>Avellaneda al 4700<\/strong>. All\u00ed fue detenida <strong>Yamila Evelyn S de 26 a\u00f1os.<\/strong><\/p>\n\n\n\n<p>En los operativos secuestraron cinco celulares, dos DNI, prendas de vestir, calzado, una mochila con documentaci\u00f3n, dinero en efectivo y una motocicleta Keller 110 cc. Todo qued\u00f3 a disposici\u00f3n de la Fiscal\u00eda.<\/p>\n\n\n\n<p>La causa est\u00e1 en manos de la Unidad de Violencia Altamente Lesiva (UVAL) del Ministerio P\u00fablico de la Acusaci\u00f3n. Las medidas fueron autorizadas por el juez Alejandro Negroni.<\/p>\n\n\n\n<p>De acuerdo a fuentes oficiales, la mujer ser\u00e1 imputada en los pr\u00f3ximos d\u00edas por su posible participaci\u00f3n en el hecho. Ya hab\u00eda dos hombres detenidos en el marco de la misma investigaci\u00f3n.<\/p>\n\n\n\n<p>Desde el Ministerio de Justicia y Seguridad provincial se\u00f1alaron que los procedimientos forman parte de <strong><em>\u201cuna l\u00ednea investigativa sostenida para identificar a todos los involucrados en el ataque\u201d.<\/em><\/strong><\/p>\n\n\n\n<p>La Fiscal\u00eda contin\u00faa analizando el material secuestrado. La investigaci\u00f3n sigue abierta.<\/p>\n<div class=\"newspaper-x-tags\"><strong>TAGS: <\/strong><span><a href=\"https:\/\/www.rosarioalerta.com.ar\/site\/archivos\/tag\/noticias-de-rosario\" rel=\"tag\">Noticias de Rosario<\/a><\/span><a href=\"https:\/\/www.rosarioalerta.com.ar\/site\/archivos\/tag\/rosario\" rel=\"tag\">Rosario<\/a><\/span><a href=\"https:\/\/www.rosarioalerta.com.ar\/site\/archivos\/tag\/santa-fe\" rel=\"tag\">Santa Fe<\/a> <\/div>","protected":false},"excerpt":{"rendered":"<p>La PDI realiz\u00f3 allanamientos en la zona sudoeste de Rosario, donde detuvieron a una mujer Con la detenci\u00f3n de una mujer de 26 a\u00f1os, la causa por intimidaci\u00f3n p\u00fablica en el Carrefour de Ocampo y Chacabuco sum\u00f3 un nuevo cap\u00edtulo. El procedimiento se realiz\u00f3 este, martes en la zona sudoeste de Rosario. La investigaci\u00f3n, a [&hellip;]<\/p>\n","protected":false},"author":2,"featured_media":31212,"comment_status":"open","ping_status":"open","sticky":false,"template":"","format":"standard","meta":{"_joinchat":[],"footnotes":""},"categories":[12,15,11,21,14],"tags":[95,55,65],"class_list":["post-31211","post","type-post","status-publish","format-standard","has-post-thumbnail","hentry","category-allanamientos","category-balaceras","category-detenidos","category-noticias","category-policiales","tag-noticias-de-rosario","tag-rosario","tag-santa-fe"],"_links":{"self":[{"href":"https:\/\/www.rosarioalerta.com.ar\/site\/wp-json\/wp\/v2\/posts\/31211","targetHints":{"allow":["GET"]}}],"collection":[{"href":"https:\/\/www.rosarioalerta.com.ar\/site\/wp-json\/wp\/v2\/posts"}],"about":[{"href":"https:\/\/www.rosarioalerta.com.ar\/site\/wp-json\/wp\/v2\/types\/post"}],"author":[{"embeddable":true,"href":"https:\/\/www.rosarioalerta.com.ar\/site\/wp-json\/wp\/v2\/users\/2"}],"replies":[{"embeddable":true,"href":"https:\/\/www.rosarioalerta.com.ar\/site\/wp-json\/wp\/v2\/comments?post=31211"}],"version-history":[{"count":1,"href":"https:\/\/www.rosarioalerta.com.ar\/site\/wp-json\/wp\/v2\/posts\/31211\/revisions"}],"predecessor-version":[{"id":31213,"href":"https:\/\/www.rosarioalerta.com.ar\/site\/wp-json\/wp\/v2\/posts\/31211\/revisions\/31213"}],"wp:featuredmedia":[{"embeddable":true,"href":"https:\/\/www.rosarioalerta.com.ar\/site\/wp-json\/wp\/v2\/media\/31212"}],"wp:attachment":[{"href":"https:\/\/www.rosarioalerta.com.ar\/site\/wp-json\/wp\/v2\/media?parent=31211"}],"wp:term":[{"taxonomy":"category","embeddable":true,"href":"https:\/\/www.rosarioalerta.com.ar\/site\/wp-json\/wp\/v2\/categories?post=31211"},{"taxonomy":"post_tag","embeddable":true,"href":"https:\/\/www.rosarioalerta.com.ar\/site\/wp-json\/wp\/v2\/tags?post=31211"}],"curies":[{"name":"wp","href":"https:\/\/api.w.org\/{rel}","templated":true}]}}