{"id":31204,"date":"2026-03-03T20:32:18","date_gmt":"2026-03-03T23:32:18","guid":{"rendered":"https:\/\/www.rosarioalerta.com.ar\/site\/?p=31204"},"modified":"2026-03-03T20:32:22","modified_gmt":"2026-03-03T23:32:22","slug":"un-herido-de-arma-de-fuego-y-dos-causas-mas-activaron-operativos","status":"publish","type":"post","link":"https:\/\/www.rosarioalerta.com.ar\/site\/archivos\/31204","title":{"rendered":"Un herido de arma de fuego y dos causas m\u00e1s activaron operativos"},"content":{"rendered":"\n<p>Complementaron un caso de violencia de g\u00e9nero y un detenido por microtr\u00e1fico<\/p>\n\n\n\n<p>En menos de seis horas, fuerzas policiales realizaron tres procedimientos en <strong>Rosario y Villa Gobernador G\u00e1lvez<\/strong>. Un joven fue herido de arma de fuego en la v\u00eda p\u00fablica, un hombre qued\u00f3 detenido en una causa por violencia de g\u00e9nero con secuestro de armas y otro fue arrestado por presunto microtr\u00e1fico.<\/p>\n\n\n\n<p>El episodio m\u00e1s grave se registr\u00f3 alrededor de las 15, en <strong>Villa Gobernador G\u00e1lvez<\/strong>, cuando <strong>Rodrigo R de 25 a\u00f1os<\/strong>, recibi\u00f3 un disparo en el muslo izquierdo tras una discusi\u00f3n en la calle. Seg\u00fan informaron fuentes policiales, ingresaron llamadas a la <strong>Central de Emergencias del 911<\/strong> alertando sobre detonaciones y al llegar hallaron tres vainas servidas calibre 9 mm.<\/p>\n\n\n\n<figure class=\"wp-block-image size-large\"><img loading=\"lazy\" decoding=\"async\" width=\"1024\" height=\"576\" src=\"https:\/\/www.rosarioalerta.com.ar\/site\/wp-content\/uploads\/2026\/03\/vgg-6-1024x576.jpg\" alt=\"\" class=\"wp-image-31209\" srcset=\"https:\/\/www.rosarioalerta.com.ar\/site\/wp-content\/uploads\/2026\/03\/vgg-6-1024x576.jpg 1024w, https:\/\/www.rosarioalerta.com.ar\/site\/wp-content\/uploads\/2026\/03\/vgg-6-300x169.jpg 300w, https:\/\/www.rosarioalerta.com.ar\/site\/wp-content\/uploads\/2026\/03\/vgg-6-768x432.jpg 768w, https:\/\/www.rosarioalerta.com.ar\/site\/wp-content\/uploads\/2026\/03\/vgg-6-1536x864.jpg 1536w, https:\/\/www.rosarioalerta.com.ar\/site\/wp-content\/uploads\/2026\/03\/vgg-6.jpg 1920w\" sizes=\"auto, (max-width: 1024px) 100vw, 1024px\" \/><\/figure>\n\n\n\n<p>En un domicilio cercano secuestraron una pistola FM Hi Power 9 mm con numeraci\u00f3n suprimida. Fueron detenidos <strong>Juan Catriel Z de 25 a\u00f1os<\/strong> y <strong>Jes\u00fas Benjam\u00edn Alexis H de 22<\/strong>. La causa qued\u00f3 en la <strong>Comisar\u00eda 26\u00ba<\/strong> con intervenci\u00f3n del Ministerio P\u00fablico de la Acusaci\u00f3n.<\/p>\n\n\n\n<p>Horas antes, la <strong>Polic\u00eda de Acci\u00f3n T\u00e1ctica<\/strong> acudi\u00f3 a <strong>Libertad al 700<\/strong> por una denuncia de violencia de g\u00e9nero. <strong>Marta Alicia S de 72 a\u00f1os<\/strong>, pidi\u00f3 ayuda desde su vivienda.<\/p>\n\n\n\n<p>El personal secuestr\u00f3 una escopeta calibre 16, una carabina 22 y 14 cartuchos. El detenido fue <strong>Miguel \u00c1ngel A de 73 a\u00f1os<\/strong>. La mujer fue asistida por el <strong>SIES<\/strong> por una crisis de angustia. Interviene la <strong>Comisar\u00eda 29\u00ba<\/strong>.<\/p>\n\n\n\n<p>Por la ma\u00f1ana, en <strong>Rueda al 4400<\/strong>, de <strong>Rosario<\/strong>, efectivos del <strong>Comando Radioel\u00e9ctrico <\/strong>detuvieron a <strong>Gast\u00f3n F de 47 a\u00f1os<\/strong>. Durante una requisa hallaron cuatro envoltorios con sustancia similar a coca\u00edna y $58.500 en efectivo.<\/p>\n\n\n\n<p>La causa se tramita en la <strong>Comisar\u00eda 32\u00ba<\/strong> por infracci\u00f3n a la Ley 14.239.<\/p>\n<div class=\"newspaper-x-tags\"><strong>TAGS: <\/strong><span><a href=\"https:\/\/www.rosarioalerta.com.ar\/site\/archivos\/tag\/noticias-de-rosario\" rel=\"tag\">Noticias de Rosario<\/a><\/span><a href=\"https:\/\/www.rosarioalerta.com.ar\/site\/archivos\/tag\/noticias-de-vgg\" rel=\"tag\">Noticias de VGG<\/a><\/span><a href=\"https:\/\/www.rosarioalerta.com.ar\/site\/archivos\/tag\/rosario\" rel=\"tag\">Rosario<\/a><\/span><a href=\"https:\/\/www.rosarioalerta.com.ar\/site\/archivos\/tag\/santa-fe\" rel=\"tag\">Santa Fe<\/a><\/span><a href=\"https:\/\/www.rosarioalerta.com.ar\/site\/archivos\/tag\/vgg\" rel=\"tag\">VGG<\/a> <\/div>","protected":false},"excerpt":{"rendered":"<p>Complementaron un caso de violencia de g\u00e9nero y un detenido por microtr\u00e1fico En menos de seis horas, fuerzas policiales realizaron tres procedimientos en Rosario y Villa Gobernador G\u00e1lvez. Un joven fue herido de arma de fuego en la v\u00eda p\u00fablica, un hombre qued\u00f3 detenido en una causa por violencia de g\u00e9nero con secuestro de armas [&hellip;]<\/p>\n","protected":false},"author":2,"featured_media":31208,"comment_status":"open","ping_status":"open","sticky":false,"template":"","format":"standard","meta":{"_joinchat":[],"footnotes":""},"categories":[15,11,21,14],"tags":[95,94,55,65,60],"class_list":["post-31204","post","type-post","status-publish","format-standard","has-post-thumbnail","hentry","category-balaceras","category-detenidos","category-noticias","category-policiales","tag-noticias-de-rosario","tag-noticias-de-vgg","tag-rosario","tag-santa-fe","tag-vgg"],"_links":{"self":[{"href":"https:\/\/www.rosarioalerta.com.ar\/site\/wp-json\/wp\/v2\/posts\/31204","targetHints":{"allow":["GET"]}}],"collection":[{"href":"https:\/\/www.rosarioalerta.com.ar\/site\/wp-json\/wp\/v2\/posts"}],"about":[{"href":"https:\/\/www.rosarioalerta.com.ar\/site\/wp-json\/wp\/v2\/types\/post"}],"author":[{"embeddable":true,"href":"https:\/\/www.rosarioalerta.com.ar\/site\/wp-json\/wp\/v2\/users\/2"}],"replies":[{"embeddable":true,"href":"https:\/\/www.rosarioalerta.com.ar\/site\/wp-json\/wp\/v2\/comments?post=31204"}],"version-history":[{"count":1,"href":"https:\/\/www.rosarioalerta.com.ar\/site\/wp-json\/wp\/v2\/posts\/31204\/revisions"}],"predecessor-version":[{"id":31210,"href":"https:\/\/www.rosarioalerta.com.ar\/site\/wp-json\/wp\/v2\/posts\/31204\/revisions\/31210"}],"wp:featuredmedia":[{"embeddable":true,"href":"https:\/\/www.rosarioalerta.com.ar\/site\/wp-json\/wp\/v2\/media\/31208"}],"wp:attachment":[{"href":"https:\/\/www.rosarioalerta.com.ar\/site\/wp-json\/wp\/v2\/media?parent=31204"}],"wp:term":[{"taxonomy":"category","embeddable":true,"href":"https:\/\/www.rosarioalerta.com.ar\/site\/wp-json\/wp\/v2\/categories?post=31204"},{"taxonomy":"post_tag","embeddable":true,"href":"https:\/\/www.rosarioalerta.com.ar\/site\/wp-json\/wp\/v2\/tags?post=31204"}],"curies":[{"name":"wp","href":"https:\/\/api.w.org\/{rel}","templated":true}]}}