{"id":31199,"date":"2026-03-03T14:05:04","date_gmt":"2026-03-03T17:05:04","guid":{"rendered":"https:\/\/www.rosarioalerta.com.ar\/site\/?p=31199"},"modified":"2026-03-03T14:05:05","modified_gmt":"2026-03-03T17:05:05","slug":"homicidios-en-santa-fe","status":"publish","type":"post","link":"https:\/\/www.rosarioalerta.com.ar\/site\/archivos\/31199","title":{"rendered":"Homicidios en Santa Fe"},"content":{"rendered":"\n<p>Pullaro afirm\u00f3 que bajaron de 91 a 20 y destac\u00f3 la inversi\u00f3n en seguridad<\/p>\n\n\n\n<p>El gobernador de <strong>Maximiliano Pullaro<\/strong> encabez\u00f3 este martes el acto de <strong>egreso de 589 suboficiales<\/strong> de la <strong>Escuela Penitenciaria de la Unidad N\u00b0 7<\/strong> y <strong>afirm\u00f3 que los homicidios<\/strong> en Santa Fe <strong>bajaron de 91 a 20 <\/strong>en comparaci\u00f3n con la misma fecha de 2023. La ceremonia se realiz\u00f3 en el <strong>Estadio \u00c1ngel Malvicino del Club Atl\u00e9tico Uni\u00f3n<\/strong>. Seg\u00fan sostuvo, la reducci\u00f3n se logr\u00f3 con mayor presencia estatal, orden en las c\u00e1rceles e inversi\u00f3n p\u00fablica.<\/p>\n\n\n\n<p>Durante el acto, <strong>Pullaro<\/strong> record\u00f3 que <strong><em>\u201cllegamos a ser la provincia que m\u00e1s violencia y delito tuvo en el pa\u00eds\u201d.<\/em><\/strong> Luego compar\u00f3 cifras: <strong><em>\u201cAl mismo d\u00eda de 2023 hab\u00eda 91 homicidios; hoy tenemos 20\u201d.<\/em><\/strong><\/p>\n\n\n\n<p>El mandatario se\u00f1al\u00f3 que la mayor\u00eda de los casos actuales corresponden a conflictos interpersonales y no a hechos vinculados al crimen organizado.<\/p>\n\n\n\n<p><strong>Pullaro<\/strong> afirm\u00f3 que la estrategia oficial apunta a \u201cponer orden en la c\u00e1rcel para tener orden en la calle\u201d. En ese marco, destac\u00f3 la incorporaci\u00f3n de nuevos suboficiales al <strong>Servicio Penitenciario provincial<\/strong>.<\/p>\n\n\n\n<p>Tambi\u00e9n remarc\u00f3 que el Gobierno proyecta construir en cuatro a\u00f1os una cantidad de celdas similar a la edificada en los \u00faltimos cien. \u201cEs una inversi\u00f3n hist\u00f3rica para seguir reduciendo el delito y la violencia\u201d, sostuvo.<\/p>\n\n\n\n<p>La secretaria de Asuntos Penales, <strong>Lucia Masneri<\/strong>, afirm\u00f3 que la provincia atraviesa \u201c<strong><em>un momento decisivo<\/em><\/strong>\u201d y que los resultados requieren \u201c<strong><em>instituciones fuertes y personal formado<\/em><\/strong>\u201d.<\/p>\n\n\n\n<p>En la misma l\u00ednea, el director de la Unidad N\u00b0 7, <strong>Gustavo Tabisi<\/strong>, destac\u00f3 la capacitaci\u00f3n de los egresados. Una de las aspirantes, <strong>Martina Vallejos<\/strong>, se\u00f1al\u00f3 que la boina \u201c<strong><em>simboliza sacrificio y compromiso<\/em><\/strong>\u201d.<\/p>\n\n\n\n<p>La agenda de seguridad p\u00fablica contin\u00faa como eje central de la gesti\u00f3n, con foco en infraestructura penitenciaria, profesionalizaci\u00f3n y control institucional.<\/p>\n<div class=\"newspaper-x-tags\"><strong>TAGS: <\/strong><span><a href=\"https:\/\/www.rosarioalerta.com.ar\/site\/archivos\/tag\/noticias-de-rosario\" rel=\"tag\">Noticias de Rosario<\/a><\/span><a href=\"https:\/\/www.rosarioalerta.com.ar\/site\/archivos\/tag\/rosario\" rel=\"tag\">Rosario<\/a><\/span><a href=\"https:\/\/www.rosarioalerta.com.ar\/site\/archivos\/tag\/santa-fe\" rel=\"tag\">Santa Fe<\/a><\/span><a href=\"https:\/\/www.rosarioalerta.com.ar\/site\/archivos\/tag\/servicio-penitenciario\" rel=\"tag\">Servicio Penitenciario<\/a> <\/div>","protected":false},"excerpt":{"rendered":"<p>Pullaro afirm\u00f3 que bajaron de 91 a 20 y destac\u00f3 la inversi\u00f3n en seguridad El gobernador de Maximiliano Pullaro encabez\u00f3 este martes el acto de egreso de 589 suboficiales de la Escuela Penitenciaria de la Unidad N\u00b0 7 y afirm\u00f3 que los homicidios en Santa Fe bajaron de 91 a 20 en comparaci\u00f3n con la [&hellip;]<\/p>\n","protected":false},"author":2,"featured_media":31200,"comment_status":"open","ping_status":"open","sticky":false,"template":"","format":"standard","meta":{"_joinchat":[],"footnotes":""},"categories":[18,21],"tags":[95,55,65,213],"class_list":["post-31199","post","type-post","status-publish","format-standard","has-post-thumbnail","hentry","category-institucional","category-noticias","tag-noticias-de-rosario","tag-rosario","tag-santa-fe","tag-servicio-penitenciario"],"_links":{"self":[{"href":"https:\/\/www.rosarioalerta.com.ar\/site\/wp-json\/wp\/v2\/posts\/31199","targetHints":{"allow":["GET"]}}],"collection":[{"href":"https:\/\/www.rosarioalerta.com.ar\/site\/wp-json\/wp\/v2\/posts"}],"about":[{"href":"https:\/\/www.rosarioalerta.com.ar\/site\/wp-json\/wp\/v2\/types\/post"}],"author":[{"embeddable":true,"href":"https:\/\/www.rosarioalerta.com.ar\/site\/wp-json\/wp\/v2\/users\/2"}],"replies":[{"embeddable":true,"href":"https:\/\/www.rosarioalerta.com.ar\/site\/wp-json\/wp\/v2\/comments?post=31199"}],"version-history":[{"count":1,"href":"https:\/\/www.rosarioalerta.com.ar\/site\/wp-json\/wp\/v2\/posts\/31199\/revisions"}],"predecessor-version":[{"id":31201,"href":"https:\/\/www.rosarioalerta.com.ar\/site\/wp-json\/wp\/v2\/posts\/31199\/revisions\/31201"}],"wp:featuredmedia":[{"embeddable":true,"href":"https:\/\/www.rosarioalerta.com.ar\/site\/wp-json\/wp\/v2\/media\/31200"}],"wp:attachment":[{"href":"https:\/\/www.rosarioalerta.com.ar\/site\/wp-json\/wp\/v2\/media?parent=31199"}],"wp:term":[{"taxonomy":"category","embeddable":true,"href":"https:\/\/www.rosarioalerta.com.ar\/site\/wp-json\/wp\/v2\/categories?post=31199"},{"taxonomy":"post_tag","embeddable":true,"href":"https:\/\/www.rosarioalerta.com.ar\/site\/wp-json\/wp\/v2\/tags?post=31199"}],"curies":[{"name":"wp","href":"https:\/\/api.w.org\/{rel}","templated":true}]}}