{"id":31178,"date":"2026-03-02T09:34:14","date_gmt":"2026-03-02T12:34:14","guid":{"rendered":"https:\/\/www.rosarioalerta.com.ar\/site\/?p=31178"},"modified":"2026-03-02T09:34:28","modified_gmt":"2026-03-02T12:34:28","slug":"avanzan-sobre-los-menores","status":"publish","type":"post","link":"https:\/\/www.rosarioalerta.com.ar\/site\/archivos\/31178","title":{"rendered":"Avanzan sobre Los Menores"},"content":{"rendered":"\n<p>Este fin de semana cayeron dos j\u00f3venes ligados a la banda<\/p>\n\n\n\n<p>En las \u00faltimas horas, fuerzas provinciales detuvieron en <strong>Rosario<\/strong> a dos j\u00f3venes vinculados a la banda <strong>Los Menores<\/strong> y a otro hombre investigado por el ataque a tiros contra un supermercado de barrio <strong>Rep\u00fablica de la Sexta.<\/strong> Los operativos fueron realizados por el <strong>Comando Radioel\u00e9ctrico<\/strong>, la <strong>Ciope<\/strong>, la <strong>TOE<\/strong> y la <strong>PDI<\/strong>, en el marco de causas que tramita el Ministerio P\u00fablico de la Acusaci\u00f3n (<strong>MPA<\/strong>).<\/p>\n\n\n\n<p>El viernes por la noche, personal del <strong>Comando Radioel\u00e9ctrico<\/strong> intervino en <strong>Rouill\u00f3n al 3500<\/strong> tras un llamado al 911 por un presunto caso de violencia de g\u00e9nero. En ese contexto fue detenido <strong>Lautaro Nicol\u00e1s Brest 21 a\u00f1os, alias \u201cWifi\u201d.<\/strong><\/p>\n\n\n\n<p>Seg\u00fan explic\u00f3 el secretario de Seguridad P\u00fablica, <strong>Omar Pereira<\/strong>, el joven no ten\u00eda pedido de captura vigente, pero s\u00ed estaba siendo investigado en varias causas. Tras consultar con los fiscales, se dispuso que quedara detenido por su presunta vinculaci\u00f3n con una asociaci\u00f3n il\u00edcita.<\/p>\n\n\n\n<p>El s\u00e1bado, en <strong>Alsina al 1100<\/strong>, fue capturado <strong>Roque Alejandro Romero 22 a\u00f1os, alias \u201cRoco\u201d<\/strong>, quien contaba con pedido de captura. La detenci\u00f3n fue concretada por la Ciope y la TOE, tras tareas de inteligencia en la zona de Echesortu.<\/p>\n\n\n\n<p>De acuerdo con fuentes oficiales, <strong>Romero<\/strong> es investigado como presunto integrante relevante dentro de la estructura de <strong>Los Menores<\/strong>. \u201cEra una captura priorizada por el riesgo que representaba para la seguridad p\u00fablica\u201d, se\u00f1alaron desde el Ministerio de Justicia y Seguridad.<\/p>\n\n\n\n<p>En paralelo, el domingo por la noche la <strong>Polic\u00eda de Investigaciones<\/strong> detuvo en el <strong>Fonavi de Acindar<\/strong> a un hombre sindicado como conductor de la motocicleta utilizada en el ataque armado contra el <strong>supermercado de La Sexta.<\/strong> Tambi\u00e9n fueron secuestrados celulares para peritaje.<\/p>\n\n\n\n<p>La subsecretaria de Inteligencia Criminal, <strong>Virginia Villar<\/strong>, indic\u00f3 que la conexi\u00f3n entre los detenidos y el ataque ser\u00e1 materia de investigaci\u00f3n fiscal. \u201cA partir de las \u00faltimas detenciones se podr\u00e1 avanzar sobre los detalles del hecho\u201d, sostuvo.<\/p>\n\n\n\n<p>Las autoridades aclararon que no se puede confirmar, por el momento, si todos los implicados responden a la misma organizaci\u00f3n.<\/p>\n\n\n\n<p>La banda <strong>Los Menores<\/strong> es investigada por la Fiscal\u00eda provincial en distintas causas vinculadas a balaceras y amenazas. En las \u00faltimas semanas se registraron ataques armados y mensajes intimidatorios en la zona sur.<\/p>\n\n\n\n<p>Con estas detenciones, la Justicia busca desarticular parte de la estructura operativa del grupo. La investigaci\u00f3n contin\u00faa y no se descartan nuevas medidas.<\/p>\n<div class=\"newspaper-x-tags\"><strong>TAGS: <\/strong><span><a href=\"https:\/\/www.rosarioalerta.com.ar\/site\/archivos\/tag\/noticias-de-rosario\" rel=\"tag\">Noticias de Rosario<\/a><\/span><a href=\"https:\/\/www.rosarioalerta.com.ar\/site\/archivos\/tag\/rosario\" rel=\"tag\">Rosario<\/a><\/span><a href=\"https:\/\/www.rosarioalerta.com.ar\/site\/archivos\/tag\/santa-fe\" rel=\"tag\">Santa Fe<\/a> <\/div>","protected":false},"excerpt":{"rendered":"<p>Este fin de semana cayeron dos j\u00f3venes ligados a la banda En las \u00faltimas horas, fuerzas provinciales detuvieron en Rosario a dos j\u00f3venes vinculados a la banda Los Menores y a otro hombre investigado por el ataque a tiros contra un supermercado de barrio Rep\u00fablica de la Sexta. Los operativos fueron realizados por el Comando [&hellip;]<\/p>\n","protected":false},"author":2,"featured_media":31179,"comment_status":"open","ping_status":"open","sticky":false,"template":"","format":"standard","meta":{"_joinchat":[],"footnotes":""},"categories":[12,11,18,21,14],"tags":[95,55,65],"class_list":["post-31178","post","type-post","status-publish","format-standard","has-post-thumbnail","hentry","category-allanamientos","category-detenidos","category-institucional","category-noticias","category-policiales","tag-noticias-de-rosario","tag-rosario","tag-santa-fe"],"_links":{"self":[{"href":"https:\/\/www.rosarioalerta.com.ar\/site\/wp-json\/wp\/v2\/posts\/31178","targetHints":{"allow":["GET"]}}],"collection":[{"href":"https:\/\/www.rosarioalerta.com.ar\/site\/wp-json\/wp\/v2\/posts"}],"about":[{"href":"https:\/\/www.rosarioalerta.com.ar\/site\/wp-json\/wp\/v2\/types\/post"}],"author":[{"embeddable":true,"href":"https:\/\/www.rosarioalerta.com.ar\/site\/wp-json\/wp\/v2\/users\/2"}],"replies":[{"embeddable":true,"href":"https:\/\/www.rosarioalerta.com.ar\/site\/wp-json\/wp\/v2\/comments?post=31178"}],"version-history":[{"count":1,"href":"https:\/\/www.rosarioalerta.com.ar\/site\/wp-json\/wp\/v2\/posts\/31178\/revisions"}],"predecessor-version":[{"id":31180,"href":"https:\/\/www.rosarioalerta.com.ar\/site\/wp-json\/wp\/v2\/posts\/31178\/revisions\/31180"}],"wp:featuredmedia":[{"embeddable":true,"href":"https:\/\/www.rosarioalerta.com.ar\/site\/wp-json\/wp\/v2\/media\/31179"}],"wp:attachment":[{"href":"https:\/\/www.rosarioalerta.com.ar\/site\/wp-json\/wp\/v2\/media?parent=31178"}],"wp:term":[{"taxonomy":"category","embeddable":true,"href":"https:\/\/www.rosarioalerta.com.ar\/site\/wp-json\/wp\/v2\/categories?post=31178"},{"taxonomy":"post_tag","embeddable":true,"href":"https:\/\/www.rosarioalerta.com.ar\/site\/wp-json\/wp\/v2\/tags?post=31178"}],"curies":[{"name":"wp","href":"https:\/\/api.w.org\/{rel}","templated":true}]}}