{"id":31161,"date":"2026-03-01T20:06:18","date_gmt":"2026-03-01T23:06:18","guid":{"rendered":"https:\/\/www.rosarioalerta.com.ar\/site\/?p=31161"},"modified":"2026-03-01T20:06:40","modified_gmt":"2026-03-01T23:06:40","slug":"intentaron-robarle-la-moto-y-le-gatillaron-2","status":"publish","type":"post","link":"https:\/\/www.rosarioalerta.com.ar\/site\/archivos\/31161","title":{"rendered":"Intentaron robarle la moto y le gatillaron"},"content":{"rendered":"\n<p>Un hombre result\u00f3 herido en un intento de robo<\/p>\n\n\n\n<p>Un motociclista fue baleado en el pecho mientras circulaba en Rosario y logr\u00f3 llegar por sus propios medios a pedir ayuda, hasta Villa Gobernador G\u00e1lvez. Est\u00e1 fuera de peligro.<\/p>\n\n\n\n<p>Un hombre result\u00f3 herido de arma de fuego este s\u00e1bado por la noche, y lleg\u00f3 hasta la intersecci\u00f3n de <strong>San Mart\u00edn y Mitre<\/strong>, de <strong>Villa Gobernador G\u00e1lvez<\/strong>, a solicitar auxilio. Seg\u00fan confirm\u00f3 la polic\u00eda, la v\u00edctima hab\u00eda sido atacada minutos antes durante un intento de robo en <strong>Circunvalaci\u00f3n y Av Nuestra Se\u00f1ora del Rosario<\/strong>, en la ciudad de <strong>Rosario<\/strong>. Dos sospechosos lo interceptaron cuando circulaba en su motocicleta y efectuaron un disparo.<\/p>\n\n\n\n<p>De acuerdo a las primeras versiones, el hecho se conoci\u00f3 tras un llamado al 911. Personal de <strong>Gendarmer\u00eda Nacional Argentina<\/strong> que patrullaba la zona encontr\u00f3 al hombre consciente, con una herida en el pecho. La v\u00edctima relat\u00f3 que se desplazaba en una Honda Tornado cuando fue abordada por dos hombres que iban en una Honda Wave.<\/p>\n\n\n\n<p>El ataque se produjo en <strong>Rosario<\/strong>. Tras el disparo, el motociclista logr\u00f3 escapar y condujo hasta <strong>Villa Gobernador G\u00e1lvez<\/strong> para pedir asistencia. All\u00ed fue asistido por personal de seguridad y se solicit\u00f3 atenci\u00f3n m\u00e9dica inmediata. Fuentes policiales indicaron que el hombre se encontraba l\u00facido al momento de ser entrevistado y que aport\u00f3 datos sobre los agresores.<\/p>\n\n\n\n<p>Las actuaciones recayeron en la <strong>Comisar\u00eda 29\u00ba<\/strong> por razones de jurisdicci\u00f3n y luego fueron remitidas al Ministerio P\u00fablico de la Acusaci\u00f3n, que busca identificar a los atacantes.<\/p>\n\n\n\n<p>Voceros confirmaron que la v\u00edctima \u201cest\u00e1 fuera de peligro\u201d y evoluciona favorablemente. La investigaci\u00f3n contin\u00faa para determinar la mec\u00e1nica completa del hecho.<\/p>\n<div class=\"newspaper-x-tags\"><strong>TAGS: <\/strong><span><a href=\"https:\/\/www.rosarioalerta.com.ar\/site\/archivos\/tag\/noticias-de-rosario\" rel=\"tag\">Noticias de Rosario<\/a><\/span><a href=\"https:\/\/www.rosarioalerta.com.ar\/site\/archivos\/tag\/noticias-de-vgg\" rel=\"tag\">Noticias de VGG<\/a><\/span><a href=\"https:\/\/www.rosarioalerta.com.ar\/site\/archivos\/tag\/rosario\" rel=\"tag\">Rosario<\/a><\/span><a href=\"https:\/\/www.rosarioalerta.com.ar\/site\/archivos\/tag\/santa-fe\" rel=\"tag\">Santa Fe<\/a><\/span><a href=\"https:\/\/www.rosarioalerta.com.ar\/site\/archivos\/tag\/vgg\" rel=\"tag\">VGG<\/a> <\/div>","protected":false},"excerpt":{"rendered":"<p>Un hombre result\u00f3 herido en un intento de robo Un motociclista fue baleado en el pecho mientras circulaba en Rosario y logr\u00f3 llegar por sus propios medios a pedir ayuda, hasta Villa Gobernador G\u00e1lvez. Est\u00e1 fuera de peligro. Un hombre result\u00f3 herido de arma de fuego este s\u00e1bado por la noche, y lleg\u00f3 hasta la [&hellip;]<\/p>\n","protected":false},"author":2,"featured_media":31162,"comment_status":"open","ping_status":"open","sticky":false,"template":"","format":"standard","meta":{"_joinchat":[],"footnotes":""},"categories":[15,17,21,14],"tags":[95,94,55,65,60],"class_list":["post-31161","post","type-post","status-publish","format-standard","has-post-thumbnail","hentry","category-balaceras","category-heridos","category-noticias","category-policiales","tag-noticias-de-rosario","tag-noticias-de-vgg","tag-rosario","tag-santa-fe","tag-vgg"],"_links":{"self":[{"href":"https:\/\/www.rosarioalerta.com.ar\/site\/wp-json\/wp\/v2\/posts\/31161","targetHints":{"allow":["GET"]}}],"collection":[{"href":"https:\/\/www.rosarioalerta.com.ar\/site\/wp-json\/wp\/v2\/posts"}],"about":[{"href":"https:\/\/www.rosarioalerta.com.ar\/site\/wp-json\/wp\/v2\/types\/post"}],"author":[{"embeddable":true,"href":"https:\/\/www.rosarioalerta.com.ar\/site\/wp-json\/wp\/v2\/users\/2"}],"replies":[{"embeddable":true,"href":"https:\/\/www.rosarioalerta.com.ar\/site\/wp-json\/wp\/v2\/comments?post=31161"}],"version-history":[{"count":1,"href":"https:\/\/www.rosarioalerta.com.ar\/site\/wp-json\/wp\/v2\/posts\/31161\/revisions"}],"predecessor-version":[{"id":31163,"href":"https:\/\/www.rosarioalerta.com.ar\/site\/wp-json\/wp\/v2\/posts\/31161\/revisions\/31163"}],"wp:featuredmedia":[{"embeddable":true,"href":"https:\/\/www.rosarioalerta.com.ar\/site\/wp-json\/wp\/v2\/media\/31162"}],"wp:attachment":[{"href":"https:\/\/www.rosarioalerta.com.ar\/site\/wp-json\/wp\/v2\/media?parent=31161"}],"wp:term":[{"taxonomy":"category","embeddable":true,"href":"https:\/\/www.rosarioalerta.com.ar\/site\/wp-json\/wp\/v2\/categories?post=31161"},{"taxonomy":"post_tag","embeddable":true,"href":"https:\/\/www.rosarioalerta.com.ar\/site\/wp-json\/wp\/v2\/tags?post=31161"}],"curies":[{"name":"wp","href":"https:\/\/api.w.org\/{rel}","templated":true}]}}