{"id":31156,"date":"2026-03-01T17:08:32","date_gmt":"2026-03-01T20:08:32","guid":{"rendered":"https:\/\/www.rosarioalerta.com.ar\/site\/?p=31156"},"modified":"2026-03-01T17:08:40","modified_gmt":"2026-03-01T20:08:40","slug":"cae-el-roco","status":"publish","type":"post","link":"https:\/\/www.rosarioalerta.com.ar\/site\/archivos\/31156","title":{"rendered":"Cae \u201cEl Roco\u201d"},"content":{"rendered":"\n<p>Se trata de uno de los pr\u00f3fugos de la banda Los Menores<\/p>\n\n\n\n<p>El s\u00e1bado por la noche, fuerzas especiales detuvieron en barrio Echesortu de Rosario a un joven pr\u00f3fugo vinculado a la banda \u201c<strong>Los Menores<\/strong>\u201d, investigada por asociaci\u00f3n il\u00edcita. El operativo se concret\u00f3 cerca de las 21 en <strong>Alsina al 1100<\/strong>, tras tareas de inteligencia que permitieron identificar el veh\u00edculo que utilizaba el sospechoso y montar una vigilancia encubierta.<\/p>\n\n\n\n<p>La intervenci\u00f3n estuvo a cargo de la <strong>Central de Inteligencia y Operaciones Especiales<\/strong> (Ciope) y de la <strong>Tropa de Operaciones Especiales<\/strong>, dependientes del Ministerio de Justicia y Seguridad de Santa Fe.<\/p>\n\n\n\n<p>Seg\u00fan fuentes oficiales, la investigaci\u00f3n buscaba localizar a uno de los presuntos sicarios de la organizaci\u00f3n. Los agentes detectaron un autom\u00f3vil que podr\u00eda estar siendo utilizado por el pr\u00f3fugo y establecieron un seguimiento discreto en la zona.<\/p>\n\n\n\n<p>Minutos despu\u00e9s, observaron salir de un edificio a dos hombres que abordaron el veh\u00edculo estacionado. Tras rodearlo e identificarlos, confirmaron que uno era <strong>Roque Alejandro R de 22 a\u00f1os<\/strong>. Fue detenido en el lugar. Tambi\u00e9n qued\u00f3 demorado <strong>Miqueas T de 18 a\u00f1os<\/strong>.<\/p>\n\n\n\n<p>Durante el procedimiento secuestraron dos celulares, dinero en efectivo y el autom\u00f3vil en el que se movilizaban. Adem\u00e1s, los efectivos allanaron el departamento del mismo edificio donde el sospechoso se ocultaba.<\/p>\n\n\n\n<p>La causa est\u00e1 a cargo de la Unidad Fiscal de Violencias Altamente Lesivas del Ministerio P\u00fablico de la Acusaci\u00f3n, que investiga la presunta asociaci\u00f3n il\u00edcita atribuida a la banda.<\/p>\n\n\n\n<p>Voceros del operativo se\u00f1alaron que la detenci\u00f3n fue resultado de \u201ctareas coordinadas de inteligencia criminal y vigilancia espec\u00edfica sobre objetivos priorizados\u201d.<\/p>\n\n\n\n<p>Agregaron que el detenido qued\u00f3 a disposici\u00f3n de la Justicia y fue trasladado al Servicio Penitenciario Provincial tras cumplirse los tr\u00e1mites de rigor.<\/p>\n\n\n\n<p>La banda \u201cLos Menores\u201d es investigada por hechos violentos registrados en distintos puntos de la ciudad. La pesquisa contin\u00faa para determinar responsabilidades y posibles conexiones.<\/p>\n\n\n\n<p>El acusado permanece detenido mientras avanza la causa judicial.<\/p>\n<div class=\"newspaper-x-tags\"><strong>TAGS: <\/strong><span><a href=\"https:\/\/www.rosarioalerta.com.ar\/site\/archivos\/tag\/noticias-de-rosario\" rel=\"tag\">Noticias de Rosario<\/a><\/span><a href=\"https:\/\/www.rosarioalerta.com.ar\/site\/archivos\/tag\/rosario\" rel=\"tag\">Rosario<\/a><\/span><a href=\"https:\/\/www.rosarioalerta.com.ar\/site\/archivos\/tag\/santa-fe\" rel=\"tag\">Santa Fe<\/a> <\/div>","protected":false},"excerpt":{"rendered":"<p>Se trata de uno de los pr\u00f3fugos de la banda Los Menores El s\u00e1bado por la noche, fuerzas especiales detuvieron en barrio Echesortu de Rosario a un joven pr\u00f3fugo vinculado a la banda \u201cLos Menores\u201d, investigada por asociaci\u00f3n il\u00edcita. El operativo se concret\u00f3 cerca de las 21 en Alsina al 1100, tras tareas de inteligencia [&hellip;]<\/p>\n","protected":false},"author":2,"featured_media":31157,"comment_status":"open","ping_status":"open","sticky":false,"template":"","format":"standard","meta":{"_joinchat":[],"footnotes":""},"categories":[12,11,21,14],"tags":[95,55,65],"class_list":["post-31156","post","type-post","status-publish","format-standard","has-post-thumbnail","hentry","category-allanamientos","category-detenidos","category-noticias","category-policiales","tag-noticias-de-rosario","tag-rosario","tag-santa-fe"],"_links":{"self":[{"href":"https:\/\/www.rosarioalerta.com.ar\/site\/wp-json\/wp\/v2\/posts\/31156","targetHints":{"allow":["GET"]}}],"collection":[{"href":"https:\/\/www.rosarioalerta.com.ar\/site\/wp-json\/wp\/v2\/posts"}],"about":[{"href":"https:\/\/www.rosarioalerta.com.ar\/site\/wp-json\/wp\/v2\/types\/post"}],"author":[{"embeddable":true,"href":"https:\/\/www.rosarioalerta.com.ar\/site\/wp-json\/wp\/v2\/users\/2"}],"replies":[{"embeddable":true,"href":"https:\/\/www.rosarioalerta.com.ar\/site\/wp-json\/wp\/v2\/comments?post=31156"}],"version-history":[{"count":1,"href":"https:\/\/www.rosarioalerta.com.ar\/site\/wp-json\/wp\/v2\/posts\/31156\/revisions"}],"predecessor-version":[{"id":31158,"href":"https:\/\/www.rosarioalerta.com.ar\/site\/wp-json\/wp\/v2\/posts\/31156\/revisions\/31158"}],"wp:featuredmedia":[{"embeddable":true,"href":"https:\/\/www.rosarioalerta.com.ar\/site\/wp-json\/wp\/v2\/media\/31157"}],"wp:attachment":[{"href":"https:\/\/www.rosarioalerta.com.ar\/site\/wp-json\/wp\/v2\/media?parent=31156"}],"wp:term":[{"taxonomy":"category","embeddable":true,"href":"https:\/\/www.rosarioalerta.com.ar\/site\/wp-json\/wp\/v2\/categories?post=31156"},{"taxonomy":"post_tag","embeddable":true,"href":"https:\/\/www.rosarioalerta.com.ar\/site\/wp-json\/wp\/v2\/tags?post=31156"}],"curies":[{"name":"wp","href":"https:\/\/api.w.org\/{rel}","templated":true}]}}