{"id":31141,"date":"2026-02-28T17:57:24","date_gmt":"2026-02-28T20:57:24","guid":{"rendered":"https:\/\/www.rosarioalerta.com.ar\/site\/?p=31141"},"modified":"2026-02-28T17:57:26","modified_gmt":"2026-02-28T20:57:26","slug":"cae-el-presunto-instigador-de-la-balacera-en-el-carrefour","status":"publish","type":"post","link":"https:\/\/www.rosarioalerta.com.ar\/site\/archivos\/31141","title":{"rendered":"Cae el presunto instigador de la balacera en el Carrefour"},"content":{"rendered":"\n<p>Fue tras una serie de varios allanamientos que se dieron en la ma\u00f1ana de este s\u00e1bado<\/p>\n\n\n\n<p>Un sujetofue detenido este s\u00e1bado por orden de la fiscal <strong>Paula Barros<\/strong>, de la Unidad de Violencias Altamente Lesivas de la Fiscal\u00eda Regional 2. Est\u00e1 se\u00f1alado como <strong>presunto instigador de hechos de abuso de arma en distintos puntos de Rosario<\/strong>, entre ellos el ataque <strong>ocurrido el 22 de febrero en un supermercado de barrio Rep\u00fablica de la Sexta<\/strong>, donde un hombre result\u00f3 herido. La detenci\u00f3n se concret\u00f3 en <strong>Av. Belgrano al 900<\/strong>.<\/p>\n\n\n\n<p>La medida se dispuso en el marco de una investigaci\u00f3n que tambi\u00e9n abarca otros ataques con armas de fuego acompa\u00f1ados por notas intimidatorias.<\/p>\n\n\n\n<p>Los procedimientos fueron realizados durante la ma\u00f1ana por personal de la <strong>Polic\u00eda Federal Argentina<\/strong> (PFA) en conjunto con la Justicia federal.<\/p>\n\n\n\n<p>Adem\u00e1s del operativo en <strong>Av. Belgrano al 900<\/strong>, se llevaron adelante allanamientos en <strong>San Juan al 4700, Alvarado al 1400, Oliden al 4200, Pascual Rosas al 800,<\/strong> en <strong>Rosario<\/strong>, y en calle <strong>Solidaridad al 800 de Rold\u00e1n<\/strong> (B\u00ba Tierra de Sue\u00f1os 3)<\/p>\n\n\n\n<p>En los domicilios secuestraron armas de fuego y otros elementos de inter\u00e9s para la causa, que ser\u00e1n sometidos a peritajes.<\/p>\n\n\n\n<p>La causa est\u00e1 a cargo de la fiscal <strong>Paula Barros<\/strong>, quien encabeza la investigaci\u00f3n dentro del Ministerio P\u00fablico de la Acusaci\u00f3n.<\/p>\n\n\n\n<p>Seg\u00fan fuentes oficiales, el detenido ser\u00e1 llevado a audiencia imputativa en los pr\u00f3ximos d\u00edas por intimidaci\u00f3n p\u00fablica, en calidad de instigador y autor intelectual. Desde el entorno de la investigaci\u00f3n se\u00f1alaron que los allanamientos fueron solicitados tras tareas de an\u00e1lisis criminal y recolecci\u00f3n de evidencia que vincular\u00edan al detenido con los ataques.<\/p>\n\n\n\n<p>Tambi\u00e9n indicaron que se contin\u00faa trabajando para determinar si hubo m\u00e1s personas involucradas.<\/p>\n\n\n\n<p>El caso se vincula con una serie de hechos recientes que incluyeron disparos contra comercios y la aparici\u00f3n de mensajes intimidatorios.<\/p>\n<div class=\"newspaper-x-tags\"><strong>TAGS: <\/strong><span><a href=\"https:\/\/www.rosarioalerta.com.ar\/site\/archivos\/tag\/noticias-de-rosario\" rel=\"tag\">Noticias de Rosario<\/a><\/span><a href=\"https:\/\/www.rosarioalerta.com.ar\/site\/archivos\/tag\/rosario\" rel=\"tag\">Rosario<\/a><\/span><a href=\"https:\/\/www.rosarioalerta.com.ar\/site\/archivos\/tag\/santa-fe\" rel=\"tag\">Santa Fe<\/a> <\/div>","protected":false},"excerpt":{"rendered":"<p>Fue tras una serie de varios allanamientos que se dieron en la ma\u00f1ana de este s\u00e1bado Un sujetofue detenido este s\u00e1bado por orden de la fiscal Paula Barros, de la Unidad de Violencias Altamente Lesivas de la Fiscal\u00eda Regional 2. Est\u00e1 se\u00f1alado como presunto instigador de hechos de abuso de arma en distintos puntos de [&hellip;]<\/p>\n","protected":false},"author":2,"featured_media":31142,"comment_status":"open","ping_status":"open","sticky":false,"template":"","format":"standard","meta":{"_joinchat":[],"footnotes":""},"categories":[12,11,21,14],"tags":[95,55,65],"class_list":["post-31141","post","type-post","status-publish","format-standard","has-post-thumbnail","hentry","category-allanamientos","category-detenidos","category-noticias","category-policiales","tag-noticias-de-rosario","tag-rosario","tag-santa-fe"],"_links":{"self":[{"href":"https:\/\/www.rosarioalerta.com.ar\/site\/wp-json\/wp\/v2\/posts\/31141","targetHints":{"allow":["GET"]}}],"collection":[{"href":"https:\/\/www.rosarioalerta.com.ar\/site\/wp-json\/wp\/v2\/posts"}],"about":[{"href":"https:\/\/www.rosarioalerta.com.ar\/site\/wp-json\/wp\/v2\/types\/post"}],"author":[{"embeddable":true,"href":"https:\/\/www.rosarioalerta.com.ar\/site\/wp-json\/wp\/v2\/users\/2"}],"replies":[{"embeddable":true,"href":"https:\/\/www.rosarioalerta.com.ar\/site\/wp-json\/wp\/v2\/comments?post=31141"}],"version-history":[{"count":1,"href":"https:\/\/www.rosarioalerta.com.ar\/site\/wp-json\/wp\/v2\/posts\/31141\/revisions"}],"predecessor-version":[{"id":31143,"href":"https:\/\/www.rosarioalerta.com.ar\/site\/wp-json\/wp\/v2\/posts\/31141\/revisions\/31143"}],"wp:featuredmedia":[{"embeddable":true,"href":"https:\/\/www.rosarioalerta.com.ar\/site\/wp-json\/wp\/v2\/media\/31142"}],"wp:attachment":[{"href":"https:\/\/www.rosarioalerta.com.ar\/site\/wp-json\/wp\/v2\/media?parent=31141"}],"wp:term":[{"taxonomy":"category","embeddable":true,"href":"https:\/\/www.rosarioalerta.com.ar\/site\/wp-json\/wp\/v2\/categories?post=31141"},{"taxonomy":"post_tag","embeddable":true,"href":"https:\/\/www.rosarioalerta.com.ar\/site\/wp-json\/wp\/v2\/tags?post=31141"}],"curies":[{"name":"wp","href":"https:\/\/api.w.org\/{rel}","templated":true}]}}