{"id":31128,"date":"2026-02-28T09:48:31","date_gmt":"2026-02-28T12:48:31","guid":{"rendered":"https:\/\/www.rosarioalerta.com.ar\/site\/?p=31128"},"modified":"2026-02-28T18:06:46","modified_gmt":"2026-02-28T21:06:46","slug":"incautaron-armas-vinculadas-a-bandas-narcos","status":"publish","type":"post","link":"https:\/\/www.rosarioalerta.com.ar\/site\/archivos\/31128","title":{"rendered":"Incautaron armas vinculadas a bandas narcos"},"content":{"rendered":"\n<p>Bajo el Plan Bandera, la fuerza federal incaut\u00f3 un arsenal<\/p>\n\n\n\n<p>La <strong>Polic\u00eda Federal Argentina<\/strong> secuestr\u00f3 varias armas de fuego que, seg\u00fan la investigaci\u00f3n judicial, eran destinadas a bandas narcotraficantes que operan en la ciudad de Rosario. El procedimiento se realiz\u00f3 en enero y febrero de 2026 en la provincia de Santa Fe, tras una pesquisa iniciada por el Ministerio P\u00fablico de la Acusaci\u00f3n. La causa apunta a un proveedor que habr\u00eda desviado armamento hacia estructuras vinculadas al tr\u00e1fico de drogas.<\/p>\n\n\n\n<p>La investigaci\u00f3n comenz\u00f3 en enero, cuando la <strong>Divisi\u00f3n Antidrogas Rosario<\/strong> recibi\u00f3 un oficio del Equipo de Trabajo para el Abordaje Estrat\u00e9gico de Armas de Fuego, a cargo de la fiscal <strong>Juliana Gonz\u00e1lez<\/strong>. Se solicit\u00f3 determinar si un hombre comercializaba armas con grupos que disputan el control del narcomenudeo.<\/p>\n\n\n\n<p>Con intervenci\u00f3n de la Unidad Fiscal de Microtr\u00e1fico, encabezada por la fiscal <strong>Alejandra Raigal<\/strong>, los agentes del Departamento Federal de Investigaciones realizaron tareas de inteligencia. Detectaron que el sospechoso hab\u00eda adquirido al menos once armas de manera irregular.<\/p>\n\n\n\n<p>El primer allanamiento permiti\u00f3 detener al principal investigado y secuestrar dos rev\u00f3lveres calibre 32 y 38, credenciales de tenencia, una notebook, dinero en efectivo y documentaci\u00f3n.<\/p>\n\n\n\n<p>Al constatar inconsistencias con registros de la Agencia Nacional de Materiales Controlados, los investigadores avanzaron sobre dos domicilios en <strong>Ca\u00f1ada de G\u00f3mez<\/strong>.<\/p>\n\n\n\n<p>Con autorizaci\u00f3n del Juzgado Penal de Primera Instancia, incautaron ocho escopetas, tres pistolas, dos rev\u00f3lveres, un rifle, una carabina y 684 municiones. Tambi\u00e9n fueron detenidos dos hombres mayores de edad,<\/p>\n\n\n\n<p>Seg\u00fan fuentes judiciales, la causa contin\u00faa en etapa investigativa. Los tres detenidos quedaron a disposici\u00f3n del magistrado interviniente y aguardan las actuaciones procesales correspondientes<\/p>\n\n\n\n<p><\/p>\n\n\n\n<p><\/p>\n\n\n\n<p><\/p>\n\n\n\n<p><\/p>\n\n\n\n<p><\/p>\n\n\n\n<p><\/p>\n\n\n\n<p><\/p>\n\n\n\n<p><\/p>\n\n\n\n<p><\/p>\n\n\n\n<p>im\u00e1genes de archivo<\/p>\n<div class=\"newspaper-x-tags\"><strong>TAGS: <\/strong><span><a href=\"https:\/\/www.rosarioalerta.com.ar\/site\/archivos\/tag\/canada-de-gomez-3\" rel=\"tag\">Ca\u00f1ada\u00a0 de G\u00f3mez<\/a><\/span><a href=\"https:\/\/www.rosarioalerta.com.ar\/site\/archivos\/tag\/noticias-de-canada-de-gomez-2\" rel=\"tag\">Noticias de Ca\u00f1ada\u00a0 de G\u00f3mez<\/a><\/span><a href=\"https:\/\/www.rosarioalerta.com.ar\/site\/archivos\/tag\/noticias-de-rosario\" rel=\"tag\">Noticias de Rosario<\/a><\/span><a href=\"https:\/\/www.rosarioalerta.com.ar\/site\/archivos\/tag\/pfa\" rel=\"tag\">PFA<\/a><\/span><a href=\"https:\/\/www.rosarioalerta.com.ar\/site\/archivos\/tag\/plan-bandera\" rel=\"tag\">Plan Bandera<\/a><\/span><a href=\"https:\/\/www.rosarioalerta.com.ar\/site\/archivos\/tag\/rosario\" rel=\"tag\">Rosario<\/a><\/span><a href=\"https:\/\/www.rosarioalerta.com.ar\/site\/archivos\/tag\/santa-fe\" rel=\"tag\">Santa Fe<\/a> <\/div>","protected":false},"excerpt":{"rendered":"<p>Bajo el Plan Bandera, la fuerza federal incaut\u00f3 un arsenal La Polic\u00eda Federal Argentina secuestr\u00f3 varias armas de fuego que, seg\u00fan la investigaci\u00f3n judicial, eran destinadas a bandas narcotraficantes que operan en la ciudad de Rosario. El procedimiento se realiz\u00f3 en enero y febrero de 2026 en la provincia de Santa Fe, tras una pesquisa [&hellip;]<\/p>\n","protected":false},"author":2,"featured_media":31129,"comment_status":"open","ping_status":"open","sticky":false,"template":"","format":"standard","meta":{"_joinchat":[],"footnotes":""},"categories":[12,11,21,14],"tags":[776,777,95,416,529,55,65],"class_list":["post-31128","post","type-post","status-publish","format-standard","has-post-thumbnail","hentry","category-allanamientos","category-detenidos","category-noticias","category-policiales","tag-canada-de-gomez-3","tag-noticias-de-canada-de-gomez-2","tag-noticias-de-rosario","tag-pfa","tag-plan-bandera","tag-rosario","tag-santa-fe"],"_links":{"self":[{"href":"https:\/\/www.rosarioalerta.com.ar\/site\/wp-json\/wp\/v2\/posts\/31128","targetHints":{"allow":["GET"]}}],"collection":[{"href":"https:\/\/www.rosarioalerta.com.ar\/site\/wp-json\/wp\/v2\/posts"}],"about":[{"href":"https:\/\/www.rosarioalerta.com.ar\/site\/wp-json\/wp\/v2\/types\/post"}],"author":[{"embeddable":true,"href":"https:\/\/www.rosarioalerta.com.ar\/site\/wp-json\/wp\/v2\/users\/2"}],"replies":[{"embeddable":true,"href":"https:\/\/www.rosarioalerta.com.ar\/site\/wp-json\/wp\/v2\/comments?post=31128"}],"version-history":[{"count":2,"href":"https:\/\/www.rosarioalerta.com.ar\/site\/wp-json\/wp\/v2\/posts\/31128\/revisions"}],"predecessor-version":[{"id":31148,"href":"https:\/\/www.rosarioalerta.com.ar\/site\/wp-json\/wp\/v2\/posts\/31128\/revisions\/31148"}],"wp:featuredmedia":[{"embeddable":true,"href":"https:\/\/www.rosarioalerta.com.ar\/site\/wp-json\/wp\/v2\/media\/31129"}],"wp:attachment":[{"href":"https:\/\/www.rosarioalerta.com.ar\/site\/wp-json\/wp\/v2\/media?parent=31128"}],"wp:term":[{"taxonomy":"category","embeddable":true,"href":"https:\/\/www.rosarioalerta.com.ar\/site\/wp-json\/wp\/v2\/categories?post=31128"},{"taxonomy":"post_tag","embeddable":true,"href":"https:\/\/www.rosarioalerta.com.ar\/site\/wp-json\/wp\/v2\/tags?post=31128"}],"curies":[{"name":"wp","href":"https:\/\/api.w.org\/{rel}","templated":true}]}}