{"id":31112,"date":"2026-02-26T17:19:46","date_gmt":"2026-02-26T20:19:46","guid":{"rendered":"https:\/\/www.rosarioalerta.com.ar\/site\/?p=31112"},"modified":"2026-02-26T17:20:13","modified_gmt":"2026-02-26T20:20:13","slug":"tres-detenidos-tras-allanamientos-por-balaceras","status":"publish","type":"post","link":"https:\/\/www.rosarioalerta.com.ar\/site\/archivos\/31112","title":{"rendered":"Tres detenidos tras allanamientos por balaceras"},"content":{"rendered":"\n<p>Fue tras los atentados donde dejaron mensajes intimidatorios<\/p>\n\n\n\n<p>Un megaoperativo policial dej\u00f3 tres detenidos en Rosario entre la noche del mi\u00e9rcoles y la madrugada del jueves, en el marco de la investigaci\u00f3n por intimidaci\u00f3n p\u00fablica tras las balaceras registradas desde el domingo. Los procedimientos fueron ordenados por la fiscal <strong>Paula Barros<\/strong> y ejecutados por la <strong>Polic\u00eda de Investigaciones<\/strong> (PDI) junto a grupos t\u00e1cticos de la Polic\u00eda de Santa Fe. Secuestraron celulares, una motocicleta y otros elementos bajo an\u00e1lisis.<\/p>\n\n\n\n<p>Las medidas se realizaron en domicilios de <strong>Crespo al 3900, Mangrullo al 5200, Lamadrid al 0 y Pje 1758 al 2100, <\/strong>en la ciudad de Rosario.<\/p>\n\n\n\n<p>Los allanamientos fueron dispuestos tras una serie de <strong>ataques a balazos<\/strong> ocurridos <strong>entre el domingo por la tarde y el martes por la noche<\/strong>. La causa est\u00e1 a cargo de la Unidad de Violencia Altamente Lesiva del Ministerio P\u00fablico de la Acusaci\u00f3n.<\/p>\n\n\n\n<p>Durante los procedimientos fueron detenidos dos personas mayores de edad. Adem\u00e1s, otras fueron identificadas en los inmuebles inspeccionados.<\/p>\n\n\n\n<p>En los operativos se incautaron tel\u00e9fonos, una motocicleta y un casco del mismo color con una inscripci\u00f3n en el lateral izquierdo. Los peritajes buscar\u00e1n determinar si estos elementos fueron utilizados en los hechos investigados.<\/p>\n\n\n\n<p><strong>En uno de los domicilios allanados constataron que la moradora es una empleada policial<\/strong>. Esa situaci\u00f3n qued\u00f3 incorporada al expediente para su an\u00e1lisis.<\/p>\n\n\n\n<p>Fuentes del caso indicaron que se contin\u00faa trabajando sobre la trazabilidad de las comunicaciones y los movimientos previos a los ataques.<\/p>\n\n\n\n<p>El ministro de Justicia y Seguridad de Santa Fe, <strong>Pablo Cococcioni<\/strong>, afirm\u00f3: <strong><em>\u201cNo vamos a aceptar que se reinstale una modalidad violenta en la ciudad de Rosario ni en la provincia\u201d.<\/em><\/strong><\/p>\n\n\n\n<p>El funcionario remarc\u00f3 que cada episodio activa la persecuci\u00f3n penal y sostuvo que el objetivo es llevar a los responsables ante la Justicia.<\/p>\n\n\n\n<p>Las balaceras recientes generaron preocupaci\u00f3n en distintos barrios. Seg\u00fan explic\u00f3 el ministro, tras el encarcelamiento de l\u00edderes criminales bajo reg\u00edmenes de alto perfil, persisten grupos que intentan reorganizarse.<\/p>\n\n\n\n<p>La Fiscal\u00eda avanza ahora en la definici\u00f3n de las imputaciones y el grado de participaci\u00f3n de los detenidos. La investigaci\u00f3n sigue en curso.<\/p>\n<div class=\"newspaper-x-tags\"><strong>TAGS: <\/strong><span><a href=\"https:\/\/www.rosarioalerta.com.ar\/site\/archivos\/tag\/noticias-de-rosario\" rel=\"tag\">Noticias de Rosario<\/a><\/span><a href=\"https:\/\/www.rosarioalerta.com.ar\/site\/archivos\/tag\/policia-de-investigaciones-pdi\" rel=\"tag\">Polic\u00eda de Investigaciones (PDI)<\/a><\/span><a href=\"https:\/\/www.rosarioalerta.com.ar\/site\/archivos\/tag\/rosario\" rel=\"tag\">Rosario<\/a><\/span><a href=\"https:\/\/www.rosarioalerta.com.ar\/site\/archivos\/tag\/santa-fe\" rel=\"tag\">Santa Fe<\/a> <\/div>","protected":false},"excerpt":{"rendered":"<p>Fue tras los atentados donde dejaron mensajes intimidatorios Un megaoperativo policial dej\u00f3 tres detenidos en Rosario entre la noche del mi\u00e9rcoles y la madrugada del jueves, en el marco de la investigaci\u00f3n por intimidaci\u00f3n p\u00fablica tras las balaceras registradas desde el domingo. Los procedimientos fueron ordenados por la fiscal Paula Barros y ejecutados por la [&hellip;]<\/p>\n","protected":false},"author":2,"featured_media":31113,"comment_status":"open","ping_status":"open","sticky":false,"template":"","format":"standard","meta":{"_joinchat":[],"footnotes":""},"categories":[12,15,11,21,14],"tags":[95,852,55,65],"class_list":["post-31112","post","type-post","status-publish","format-standard","has-post-thumbnail","hentry","category-allanamientos","category-balaceras","category-detenidos","category-noticias","category-policiales","tag-noticias-de-rosario","tag-policia-de-investigaciones-pdi","tag-rosario","tag-santa-fe"],"_links":{"self":[{"href":"https:\/\/www.rosarioalerta.com.ar\/site\/wp-json\/wp\/v2\/posts\/31112","targetHints":{"allow":["GET"]}}],"collection":[{"href":"https:\/\/www.rosarioalerta.com.ar\/site\/wp-json\/wp\/v2\/posts"}],"about":[{"href":"https:\/\/www.rosarioalerta.com.ar\/site\/wp-json\/wp\/v2\/types\/post"}],"author":[{"embeddable":true,"href":"https:\/\/www.rosarioalerta.com.ar\/site\/wp-json\/wp\/v2\/users\/2"}],"replies":[{"embeddable":true,"href":"https:\/\/www.rosarioalerta.com.ar\/site\/wp-json\/wp\/v2\/comments?post=31112"}],"version-history":[{"count":1,"href":"https:\/\/www.rosarioalerta.com.ar\/site\/wp-json\/wp\/v2\/posts\/31112\/revisions"}],"predecessor-version":[{"id":31114,"href":"https:\/\/www.rosarioalerta.com.ar\/site\/wp-json\/wp\/v2\/posts\/31112\/revisions\/31114"}],"wp:featuredmedia":[{"embeddable":true,"href":"https:\/\/www.rosarioalerta.com.ar\/site\/wp-json\/wp\/v2\/media\/31113"}],"wp:attachment":[{"href":"https:\/\/www.rosarioalerta.com.ar\/site\/wp-json\/wp\/v2\/media?parent=31112"}],"wp:term":[{"taxonomy":"category","embeddable":true,"href":"https:\/\/www.rosarioalerta.com.ar\/site\/wp-json\/wp\/v2\/categories?post=31112"},{"taxonomy":"post_tag","embeddable":true,"href":"https:\/\/www.rosarioalerta.com.ar\/site\/wp-json\/wp\/v2\/tags?post=31112"}],"curies":[{"name":"wp","href":"https:\/\/api.w.org\/{rel}","templated":true}]}}