{"id":31092,"date":"2026-02-26T09:52:40","date_gmt":"2026-02-26T12:52:40","guid":{"rendered":"https:\/\/www.rosarioalerta.com.ar\/site\/?p=31092"},"modified":"2026-03-03T19:19:36","modified_gmt":"2026-03-03T22:19:36","slug":"un-adolescente-volco-un-vehiculo-en-zona-sur","status":"publish","type":"post","link":"https:\/\/www.rosarioalerta.com.ar\/site\/archivos\/31092","title":{"rendered":"Un adolescente volc\u00f3 un veh\u00edculo en zona sur"},"content":{"rendered":"\n<p>Adem\u00e1s se registraron otros dos siniestros viales<\/p>\n\n\n\n<p>Un siniestro vial se registr\u00f3 este jueves alrededor de las 2, en la esquina de <strong>Ayacucho y Esteban de Luca<\/strong> cuando el conductor de una Peugeot Partner negra termin\u00f3 volcada tras perder el control y subir al cord\u00f3n. El conductor, un adolescente irresponsable <strong>de 16 a\u00f1os<\/strong>, result\u00f3 sin lesiones de gravedad. Seg\u00fan manifest\u00f3, perdi\u00f3 el dominio del rodado por causas que se investigan.<\/p>\n\n\n\n<p>Al arribar, los agentes encontraron la camioneta con las ruedas hacia arriba sobre calle Esteban de Luca. El adolescente hab\u00eda logrado salir por sus propios medios.<\/p>\n\n\n\n<p>Un testigo ocular declar\u00f3 haber observado la maniobra previa al vuelco y se le tom\u00f3 entrevista formal. Minutos despu\u00e9s se present\u00f3 el padre del conductor, <strong>un sujeto 46 a\u00f1os, m\u00e1s irresponsable que su hijo<\/strong> y el adolescente fue asistido por el <strong>SIES <\/strong>sin necesidad de ser trasladado, otorgando el alta en el lugar.<\/p>\n\n\n\n<p>El fiscal en turno, <strong>Dr. Lucas<\/strong>, dispuso que el menor fuera trasladado a la <strong>Comisar\u00eda 16\u00ba<\/strong> para su correcta identificaci\u00f3n, una vez finalizada la asistencia m\u00e9dica. Las actuaciones buscan determinar con precisi\u00f3n la mec\u00e1nica del hecho.<\/p>\n\n\n\n<p>Cabe destacar que dado a las amenazas sufridas y recibidas a este medio, por la hija y hermana  de los responsables de semejante accidente (MVL), hemos retirado los nombres e iniciales de los involucrados. De la cual guardamos pruebas y avanzaremos penalmente contra las mismas<\/p>\n\n\n\n<p><strong>Otros siniestros viales en la madrugada<\/strong><\/p>\n\n\n\n<p>A los pocos minutos, en la <strong>Ruta Nacional AO12 y Autopista Rosario\u2013Santa Fe,<\/strong> un cami\u00f3n qued\u00f3 colgado desde un puente tras perder el control. No se registraron lesionados y se realiz\u00f3 un corte preventivo de la traza.<\/p>\n\n\n\n<p>M\u00e1s tarde, alrededor de las 4, en <strong>Juan Pablo II entre el acceso a Avenida Circunvalaci\u00f3n y Mendoza,<\/strong> otro camionero volc\u00f3 tras desbarrancar. El conductor indic\u00f3 que se habr\u00eda dormido. Tampoco requiri\u00f3 asistencia m\u00e9dica.<\/p>\n\n\n\n<p>En todos los casos se dio intervenci\u00f3n a las autoridades correspondientes. No hubo personas con heridas de gravedad.<\/p>\n<div class=\"newspaper-x-tags\"><strong>TAGS: <\/strong><span><a href=\"https:\/\/www.rosarioalerta.com.ar\/site\/archivos\/tag\/noticias-de-rosario\" rel=\"tag\">Noticias de Rosario<\/a><\/span><a href=\"https:\/\/www.rosarioalerta.com.ar\/site\/archivos\/tag\/rosario\" rel=\"tag\">Rosario<\/a><\/span><a href=\"https:\/\/www.rosarioalerta.com.ar\/site\/archivos\/tag\/santa-fe\" rel=\"tag\">Santa Fe<\/a> <\/div>","protected":false},"excerpt":{"rendered":"<p>Adem\u00e1s se registraron otros dos siniestros viales Un siniestro vial se registr\u00f3 este jueves alrededor de las 2, en la esquina de Ayacucho y Esteban de Luca cuando el conductor de una Peugeot Partner negra termin\u00f3 volcada tras perder el control y subir al cord\u00f3n. El conductor, un adolescente irresponsable de 16 a\u00f1os, result\u00f3 sin [&hellip;]<\/p>\n","protected":false},"author":2,"featured_media":31093,"comment_status":"open","ping_status":"open","sticky":false,"template":"","format":"standard","meta":{"_joinchat":[],"footnotes":""},"categories":[21,14,10],"tags":[95,55,65],"class_list":["post-31092","post","type-post","status-publish","format-standard","has-post-thumbnail","hentry","category-noticias","category-policiales","category-siniestros-viales","tag-noticias-de-rosario","tag-rosario","tag-santa-fe"],"_links":{"self":[{"href":"https:\/\/www.rosarioalerta.com.ar\/site\/wp-json\/wp\/v2\/posts\/31092","targetHints":{"allow":["GET"]}}],"collection":[{"href":"https:\/\/www.rosarioalerta.com.ar\/site\/wp-json\/wp\/v2\/posts"}],"about":[{"href":"https:\/\/www.rosarioalerta.com.ar\/site\/wp-json\/wp\/v2\/types\/post"}],"author":[{"embeddable":true,"href":"https:\/\/www.rosarioalerta.com.ar\/site\/wp-json\/wp\/v2\/users\/2"}],"replies":[{"embeddable":true,"href":"https:\/\/www.rosarioalerta.com.ar\/site\/wp-json\/wp\/v2\/comments?post=31092"}],"version-history":[{"count":2,"href":"https:\/\/www.rosarioalerta.com.ar\/site\/wp-json\/wp\/v2\/posts\/31092\/revisions"}],"predecessor-version":[{"id":31206,"href":"https:\/\/www.rosarioalerta.com.ar\/site\/wp-json\/wp\/v2\/posts\/31092\/revisions\/31206"}],"wp:featuredmedia":[{"embeddable":true,"href":"https:\/\/www.rosarioalerta.com.ar\/site\/wp-json\/wp\/v2\/media\/31093"}],"wp:attachment":[{"href":"https:\/\/www.rosarioalerta.com.ar\/site\/wp-json\/wp\/v2\/media?parent=31092"}],"wp:term":[{"taxonomy":"category","embeddable":true,"href":"https:\/\/www.rosarioalerta.com.ar\/site\/wp-json\/wp\/v2\/categories?post=31092"},{"taxonomy":"post_tag","embeddable":true,"href":"https:\/\/www.rosarioalerta.com.ar\/site\/wp-json\/wp\/v2\/tags?post=31092"}],"curies":[{"name":"wp","href":"https:\/\/api.w.org\/{rel}","templated":true}]}}