{"id":31089,"date":"2026-02-26T09:42:23","date_gmt":"2026-02-26T12:42:23","guid":{"rendered":"https:\/\/www.rosarioalerta.com.ar\/site\/?p=31089"},"modified":"2026-02-26T09:42:30","modified_gmt":"2026-02-26T12:42:30","slug":"ataco-a-tiros-el-frente-de-una-vivienda-y-fue-detenido-a-pocas-cuadras","status":"publish","type":"post","link":"https:\/\/www.rosarioalerta.com.ar\/site\/archivos\/31089","title":{"rendered":"Atac\u00f3 a tiros el frente de una vivienda y fue detenido a pocas cuadras"},"content":{"rendered":"\n<p>Un hombre de 31 a\u00f1os fue detenido ayer por la noche en Villa Gobernador G\u00e1lvez<\/p>\n\n\n\n<p>Minutos antes de la medianoche, un sujeto fue detenido tras ser acusado de efectuar un disparo contra el frente de una vivienda en <strong>Dorrego al 200<\/strong>. El hecho ocurri\u00f3 durante la noche y no dej\u00f3 personas heridas. La Polic\u00eda lo identific\u00f3 y localiz\u00f3 minutos despu\u00e9s en <strong>Edison al 300<\/strong>, tras el se\u00f1alamiento de la propietaria del domicilio afectado.<\/p>\n\n\n\n<p>Seg\u00fan inform\u00f3 personal de la PAT, el procedimiento comenz\u00f3 cuando la v\u00edctima solicit\u00f3 la presencia policial por haber recibido un disparo en el frente de su casa. Al llegar, los efectivos entrevistaron a la misma, quien &nbsp;relat\u00f3 que un hombre pas\u00f3 caminando frente a su casa y dispar\u00f3 contra la ventana. Dijo reconocerlo y aport\u00f3 su nombre y domicilio.<\/p>\n\n\n\n<p>Los agentes constataron el impacto en el vidrio del frente. Con los datos brindados, iniciaron un patrullaje preventivo en la zona y minutos despu\u00e9s, en <strong>Edison al 300<\/strong>, identificaron a un hombre con caracter\u00edsticas coincidentes. Se trataba de <strong>Leandro Nicol\u00e1s R de 31 a\u00f1os<\/strong>, quien fue detenido, sin elementos de peligrosidad en su poder<\/p>\n\n\n\n<p>Fue trasladado a la <strong>Comisar\u00eda 25\u00ba<\/strong> por razones de jurisdicci\u00f3n<\/p>\n<div class=\"newspaper-x-tags\"><strong>TAGS: <\/strong><span><a href=\"https:\/\/www.rosarioalerta.com.ar\/site\/archivos\/tag\/noticias-de-rosario\" rel=\"tag\">Noticias de Rosario<\/a><\/span><a href=\"https:\/\/www.rosarioalerta.com.ar\/site\/archivos\/tag\/noticias-de-vgg\" rel=\"tag\">Noticias de VGG<\/a><\/span><a href=\"https:\/\/www.rosarioalerta.com.ar\/site\/archivos\/tag\/rosario\" rel=\"tag\">Rosario<\/a><\/span><a href=\"https:\/\/www.rosarioalerta.com.ar\/site\/archivos\/tag\/santa-fe\" rel=\"tag\">Santa Fe<\/a><\/span><a href=\"https:\/\/www.rosarioalerta.com.ar\/site\/archivos\/tag\/vgg\" rel=\"tag\">VGG<\/a> <\/div>","protected":false},"excerpt":{"rendered":"<p>Un hombre de 31 a\u00f1os fue detenido ayer por la noche en Villa Gobernador G\u00e1lvez Minutos antes de la medianoche, un sujeto fue detenido tras ser acusado de efectuar un disparo contra el frente de una vivienda en Dorrego al 200. El hecho ocurri\u00f3 durante la noche y no dej\u00f3 personas heridas. La Polic\u00eda lo [&hellip;]<\/p>\n","protected":false},"author":2,"featured_media":31090,"comment_status":"open","ping_status":"open","sticky":false,"template":"","format":"standard","meta":{"_joinchat":[],"footnotes":""},"categories":[15,11,21,14],"tags":[95,94,55,65,60],"class_list":["post-31089","post","type-post","status-publish","format-standard","has-post-thumbnail","hentry","category-balaceras","category-detenidos","category-noticias","category-policiales","tag-noticias-de-rosario","tag-noticias-de-vgg","tag-rosario","tag-santa-fe","tag-vgg"],"_links":{"self":[{"href":"https:\/\/www.rosarioalerta.com.ar\/site\/wp-json\/wp\/v2\/posts\/31089","targetHints":{"allow":["GET"]}}],"collection":[{"href":"https:\/\/www.rosarioalerta.com.ar\/site\/wp-json\/wp\/v2\/posts"}],"about":[{"href":"https:\/\/www.rosarioalerta.com.ar\/site\/wp-json\/wp\/v2\/types\/post"}],"author":[{"embeddable":true,"href":"https:\/\/www.rosarioalerta.com.ar\/site\/wp-json\/wp\/v2\/users\/2"}],"replies":[{"embeddable":true,"href":"https:\/\/www.rosarioalerta.com.ar\/site\/wp-json\/wp\/v2\/comments?post=31089"}],"version-history":[{"count":1,"href":"https:\/\/www.rosarioalerta.com.ar\/site\/wp-json\/wp\/v2\/posts\/31089\/revisions"}],"predecessor-version":[{"id":31091,"href":"https:\/\/www.rosarioalerta.com.ar\/site\/wp-json\/wp\/v2\/posts\/31089\/revisions\/31091"}],"wp:featuredmedia":[{"embeddable":true,"href":"https:\/\/www.rosarioalerta.com.ar\/site\/wp-json\/wp\/v2\/media\/31090"}],"wp:attachment":[{"href":"https:\/\/www.rosarioalerta.com.ar\/site\/wp-json\/wp\/v2\/media?parent=31089"}],"wp:term":[{"taxonomy":"category","embeddable":true,"href":"https:\/\/www.rosarioalerta.com.ar\/site\/wp-json\/wp\/v2\/categories?post=31089"},{"taxonomy":"post_tag","embeddable":true,"href":"https:\/\/www.rosarioalerta.com.ar\/site\/wp-json\/wp\/v2\/tags?post=31089"}],"curies":[{"name":"wp","href":"https:\/\/api.w.org\/{rel}","templated":true}]}}