{"id":31081,"date":"2026-02-25T19:55:35","date_gmt":"2026-02-25T22:55:35","guid":{"rendered":"https:\/\/www.rosarioalerta.com.ar\/site\/?p=31081"},"modified":"2026-02-25T19:55:39","modified_gmt":"2026-02-25T22:55:39","slug":"violencia-de-genero-2","status":"publish","type":"post","link":"https:\/\/www.rosarioalerta.com.ar\/site\/archivos\/31081","title":{"rendered":"Violencia de g\u00e9nero"},"content":{"rendered":"\n<p>Dos detenidos en Rosario y Villa Gobernador G\u00e1lvez<\/p>\n\n\n\n<p>Los procedimientos se realizaron en zona oeste de <strong>Rosario<\/strong> y en el centro de <strong>Villa Gobernador G\u00e1lvez<\/strong>. Dos hombres fueron detenidos este mi\u00e9rcoles en <strong>Rosario y Villa Gobernador G\u00e1lvez<\/strong> en el marco de causas por violencia de g\u00e9nero. Los procedimientos fueron realizados por la <strong>Polic\u00eda de Investigaciones<\/strong> tras \u00f3rdenes judiciales. Las medidas incluyeron allanamientos y traslados a sede policial. Ambos quedaron a disposici\u00f3n de la Justicia.<\/p>\n\n\n\n<p>El primer operativo se llev\u00f3 a cabo en calle <strong>Campbell al 1200<\/strong>, en la zona oeste de Rosario. La medida fue ordenada por la Fiscal\u00eda de Violencia de G\u00e9nero, a cargo de la fiscal <strong>Ivana Addoumei<\/strong>.<\/p>\n\n\n\n<p>Con apoyo del grupo t\u00e1ctico GIRI, los agentes ingresaron al domicilio e identificaron a los moradores. All\u00ed detuvieron a <strong>Rodrigo G. A de 25 a\u00f1os<\/strong>, quien ten\u00eda requerimiento judicial vigente. Est\u00e1 imputado por lesiones graves dolosas calificadas por el v\u00ednculo, en contexto de violencia de g\u00e9nero.<\/p>\n\n\n\n<p>En paralelo, en <strong>Pueyrred\u00f3n al 100<\/strong>, de V<strong>illa Gobernador G\u00e1lvez<\/strong>, concretaron otro allanamiento por una causa de aborto en contexto de violencia. En este segundo caso interviene la Fiscal\u00eda de Violencia Altamente Lesiva, a cargo de la fiscal <strong>Carla Ranciari<\/strong>.<\/p>\n\n\n\n<p>La investigaci\u00f3n sostiene que la v\u00edctima, embarazada, hab\u00eda dejado el domicilio que compart\u00eda con su pareja para resguardar su integridad. Seg\u00fan la pesquisa, el hombre la ubic\u00f3 en la casa de un familiar y la agredi\u00f3, lo que deriv\u00f3 en la p\u00e9rdida del embarazo.<\/p>\n\n\n\n<p>All\u00ed fue detenido <strong>Emanuel Antonio M., de 27 a\u00f1os<\/strong>. Desde la PDI informaron que ambos operativos se realizaron \u201ccon los recaudos legales correspondientes\u201d y por disposici\u00f3n de las fiscal\u00edas intervinientes.<\/p>\n\n\n\n<p>Los dos detenidos fueron trasladados a sede de la PDI para tr\u00e1mites de rigor y permanecen a disposici\u00f3n de la Justicia. Las investigaciones contin\u00faan.<\/p>\n<div class=\"newspaper-x-tags\"><strong>TAGS: <\/strong><span><a href=\"https:\/\/www.rosarioalerta.com.ar\/site\/archivos\/tag\/noticias-de-rosario\" rel=\"tag\">Noticias de Rosario<\/a><\/span><a href=\"https:\/\/www.rosarioalerta.com.ar\/site\/archivos\/tag\/noticias-de-vgg\" rel=\"tag\">Noticias de VGG<\/a><\/span><a href=\"https:\/\/www.rosarioalerta.com.ar\/site\/archivos\/tag\/rosario\" rel=\"tag\">Rosario<\/a><\/span><a href=\"https:\/\/www.rosarioalerta.com.ar\/site\/archivos\/tag\/santa-fe\" rel=\"tag\">Santa Fe<\/a><\/span><a href=\"https:\/\/www.rosarioalerta.com.ar\/site\/archivos\/tag\/vgg\" rel=\"tag\">VGG<\/a> <\/div>","protected":false},"excerpt":{"rendered":"<p>Dos detenidos en Rosario y Villa Gobernador G\u00e1lvez Los procedimientos se realizaron en zona oeste de Rosario y en el centro de Villa Gobernador G\u00e1lvez. Dos hombres fueron detenidos este mi\u00e9rcoles en Rosario y Villa Gobernador G\u00e1lvez en el marco de causas por violencia de g\u00e9nero. Los procedimientos fueron realizados por la Polic\u00eda de Investigaciones [&hellip;]<\/p>\n","protected":false},"author":2,"featured_media":31082,"comment_status":"open","ping_status":"open","sticky":false,"template":"","format":"standard","meta":{"_joinchat":[],"footnotes":""},"categories":[1],"tags":[95,94,55,65,60],"class_list":["post-31081","post","type-post","status-publish","format-standard","has-post-thumbnail","hentry","category-sin-categoria","tag-noticias-de-rosario","tag-noticias-de-vgg","tag-rosario","tag-santa-fe","tag-vgg"],"_links":{"self":[{"href":"https:\/\/www.rosarioalerta.com.ar\/site\/wp-json\/wp\/v2\/posts\/31081","targetHints":{"allow":["GET"]}}],"collection":[{"href":"https:\/\/www.rosarioalerta.com.ar\/site\/wp-json\/wp\/v2\/posts"}],"about":[{"href":"https:\/\/www.rosarioalerta.com.ar\/site\/wp-json\/wp\/v2\/types\/post"}],"author":[{"embeddable":true,"href":"https:\/\/www.rosarioalerta.com.ar\/site\/wp-json\/wp\/v2\/users\/2"}],"replies":[{"embeddable":true,"href":"https:\/\/www.rosarioalerta.com.ar\/site\/wp-json\/wp\/v2\/comments?post=31081"}],"version-history":[{"count":1,"href":"https:\/\/www.rosarioalerta.com.ar\/site\/wp-json\/wp\/v2\/posts\/31081\/revisions"}],"predecessor-version":[{"id":31083,"href":"https:\/\/www.rosarioalerta.com.ar\/site\/wp-json\/wp\/v2\/posts\/31081\/revisions\/31083"}],"wp:featuredmedia":[{"embeddable":true,"href":"https:\/\/www.rosarioalerta.com.ar\/site\/wp-json\/wp\/v2\/media\/31082"}],"wp:attachment":[{"href":"https:\/\/www.rosarioalerta.com.ar\/site\/wp-json\/wp\/v2\/media?parent=31081"}],"wp:term":[{"taxonomy":"category","embeddable":true,"href":"https:\/\/www.rosarioalerta.com.ar\/site\/wp-json\/wp\/v2\/categories?post=31081"},{"taxonomy":"post_tag","embeddable":true,"href":"https:\/\/www.rosarioalerta.com.ar\/site\/wp-json\/wp\/v2\/tags?post=31081"}],"curies":[{"name":"wp","href":"https:\/\/api.w.org\/{rel}","templated":true}]}}