{"id":31078,"date":"2026-02-25T19:50:43","date_gmt":"2026-02-25T22:50:43","guid":{"rendered":"https:\/\/www.rosarioalerta.com.ar\/site\/?p=31078"},"modified":"2026-02-25T19:51:07","modified_gmt":"2026-02-25T22:51:07","slug":"encontraron-dos-impactos-contra-el-porton-de-una-escuela","status":"publish","type":"post","link":"https:\/\/www.rosarioalerta.com.ar\/site\/archivos\/31078","title":{"rendered":"Encontraron dos impactos contra el port\u00f3n de una escuela"},"content":{"rendered":"\n<p>El hecho tuvo lugar en horas del mediod\u00eda de este mi\u00e9rcoles en Villa Gobernador G\u00e1lvez<\/p>\n\n\n\n<p>Un presunto abuso de arma fue detectado este mediod\u00eda en un establecimiento educativo de <strong>Maip\u00fa al 100<\/strong>, de <strong>Villa Gobernador G\u00e1lvez<\/strong>. El hecho se conoci\u00f3 cerca de las 12.30, cuando autoridades constataron dos impactos de bala en el frente del edificio y el hallazgo de vainas servidas. No hubo heridos. La denuncia fue radicada ante el Ministerio P\u00fablico de la Acusaci\u00f3n.<\/p>\n\n\n\n<p>Seg\u00fan la informaci\u00f3n oficial, alrededor de las 11, un alumno encontr\u00f3 dos vainas calibre 9 mil\u00edmetros sobre la cinta asf\u00e1ltica, frente al ingreso. Se las entreg\u00f3 a la directora, quien luego formaliz\u00f3 la denuncia.<\/p>\n\n\n\n<p>Tras tomar conocimiento, personal del Comando Radioel\u00e9ctrico se present\u00f3 en el lugar. All\u00ed verific\u00f3 dos impactos de arma de fuego: uno en el port\u00f3n de acceso al comedor y otro en una pared del establecimiento.<\/p>\n\n\n\n<p>Los agentes secuestraron dos vainas servidas calibre 9 mm como parte de las actuaciones. No se registraron disparos en el momento ni personas lesionadas.<\/p>\n\n\n\n<p>La directora inform\u00f3 que no realiz\u00f3 un llamado al 911 y que la denuncia fue ingresada a trav\u00e9s del sitio web del Ministerio P\u00fablico de la Acusaci\u00f3n.<\/p>\n\n\n\n<p>Finalizado el procedimiento, las actuaciones fueron remitidas a la <strong>Comisar\u00eda 25\u00ba<\/strong> por razones de jurisdicci\u00f3n<\/p>\n\n\n\n<p>Fuentes policiales confirmaron que no hubo heridos y que se trabaja para determinar en qu\u00e9 circunstancias se efectuaron los disparos y qui\u00e9nes ser\u00edan los responsables.<\/p>\n<div class=\"newspaper-x-tags\"><strong>TAGS: <\/strong><span><a href=\"https:\/\/www.rosarioalerta.com.ar\/site\/archivos\/tag\/noticias-de-rosario\" rel=\"tag\">Noticias de Rosario<\/a><\/span><a href=\"https:\/\/www.rosarioalerta.com.ar\/site\/archivos\/tag\/noticias-de-vgg\" rel=\"tag\">Noticias de VGG<\/a><\/span><a href=\"https:\/\/www.rosarioalerta.com.ar\/site\/archivos\/tag\/rosario\" rel=\"tag\">Rosario<\/a><\/span><a href=\"https:\/\/www.rosarioalerta.com.ar\/site\/archivos\/tag\/santa-fe\" rel=\"tag\">Santa Fe<\/a><\/span><a href=\"https:\/\/www.rosarioalerta.com.ar\/site\/archivos\/tag\/vgg\" rel=\"tag\">VGG<\/a> <\/div>","protected":false},"excerpt":{"rendered":"<p>El hecho tuvo lugar en horas del mediod\u00eda de este mi\u00e9rcoles en Villa Gobernador G\u00e1lvez Un presunto abuso de arma fue detectado este mediod\u00eda en un establecimiento educativo de Maip\u00fa al 100, de Villa Gobernador G\u00e1lvez. El hecho se conoci\u00f3 cerca de las 12.30, cuando autoridades constataron dos impactos de bala en el frente del [&hellip;]<\/p>\n","protected":false},"author":2,"featured_media":31079,"comment_status":"open","ping_status":"open","sticky":false,"template":"","format":"standard","meta":{"_joinchat":[],"footnotes":""},"categories":[15,21,14],"tags":[95,94,55,65,60],"class_list":["post-31078","post","type-post","status-publish","format-standard","has-post-thumbnail","hentry","category-balaceras","category-noticias","category-policiales","tag-noticias-de-rosario","tag-noticias-de-vgg","tag-rosario","tag-santa-fe","tag-vgg"],"_links":{"self":[{"href":"https:\/\/www.rosarioalerta.com.ar\/site\/wp-json\/wp\/v2\/posts\/31078","targetHints":{"allow":["GET"]}}],"collection":[{"href":"https:\/\/www.rosarioalerta.com.ar\/site\/wp-json\/wp\/v2\/posts"}],"about":[{"href":"https:\/\/www.rosarioalerta.com.ar\/site\/wp-json\/wp\/v2\/types\/post"}],"author":[{"embeddable":true,"href":"https:\/\/www.rosarioalerta.com.ar\/site\/wp-json\/wp\/v2\/users\/2"}],"replies":[{"embeddable":true,"href":"https:\/\/www.rosarioalerta.com.ar\/site\/wp-json\/wp\/v2\/comments?post=31078"}],"version-history":[{"count":1,"href":"https:\/\/www.rosarioalerta.com.ar\/site\/wp-json\/wp\/v2\/posts\/31078\/revisions"}],"predecessor-version":[{"id":31080,"href":"https:\/\/www.rosarioalerta.com.ar\/site\/wp-json\/wp\/v2\/posts\/31078\/revisions\/31080"}],"wp:featuredmedia":[{"embeddable":true,"href":"https:\/\/www.rosarioalerta.com.ar\/site\/wp-json\/wp\/v2\/media\/31079"}],"wp:attachment":[{"href":"https:\/\/www.rosarioalerta.com.ar\/site\/wp-json\/wp\/v2\/media?parent=31078"}],"wp:term":[{"taxonomy":"category","embeddable":true,"href":"https:\/\/www.rosarioalerta.com.ar\/site\/wp-json\/wp\/v2\/categories?post=31078"},{"taxonomy":"post_tag","embeddable":true,"href":"https:\/\/www.rosarioalerta.com.ar\/site\/wp-json\/wp\/v2\/tags?post=31078"}],"curies":[{"name":"wp","href":"https:\/\/api.w.org\/{rel}","templated":true}]}}