{"id":31065,"date":"2026-02-25T07:05:36","date_gmt":"2026-02-25T10:05:36","guid":{"rendered":"https:\/\/www.rosarioalerta.com.ar\/site\/?p=31065"},"modified":"2026-02-25T07:06:01","modified_gmt":"2026-02-25T10:06:01","slug":"cuatro-heridos-en-zona-oeste","status":"publish","type":"post","link":"https:\/\/www.rosarioalerta.com.ar\/site\/archivos\/31065","title":{"rendered":"Cuatro heridos en zona oeste"},"content":{"rendered":"\n<p>Dos de las v\u00edctimas son menores de edad<\/p>\n\n\n\n<p>Una balacera dej\u00f3 cuatro personas heridas este martes por la noche en la esquina de <strong>Aguzzi y Espinosa<\/strong>. El ataque ocurri\u00f3 cerca de las 21.30, cuando un hombre en motocicleta abri\u00f3 fuego contra un grupo de personas. Las v\u00edctimas fueron trasladadas en veh\u00edculos particulares al <strong>HECA<\/strong>. Se investigan los motivos.<\/p>\n\n\n\n<p>Seg\u00fan la informaci\u00f3n preliminar, el agresor, a\u00fan no identificado, pas\u00f3 en moto y efectu\u00f3 varios disparos. En el lugar resultaron heridos <strong>Ram\u00f3n Antonio V de 47 a\u00f1os, Nazareno Esteban G de 22, Mia Elizabeth G una adolescente de 17 a\u00f1os y una ni\u00f1a de 6 a\u00f1os<\/strong>.<\/p>\n\n\n\n<p><strong>Ram\u00f3n A<\/strong>, presentaba una herida de arma de fuego en la regi\u00f3n dorsal. <strong>Nazareno G<\/strong> present\u00f3 m\u00faltiples heridas de arma de fuego y qued\u00f3 en estudio<\/p>\n\n\n\n<p>La adolescente sufri\u00f3 una herida en el miembro inferior derecho. En tanto, la ni\u00f1a de 6 a\u00f1os present\u00f3 un roce de bala y fue asistida por personal del <strong>SIES<\/strong> convocado al lugar.<\/p>\n\n\n\n<p>Los peritos trabajan para dar con el tirador, determinar la mec\u00e1nica del ataque y la motivaci\u00f3n del mismo. En la escena relevaron indicios bal\u00edsticos y tomaron testimonios. Hasta el momento no se informaron detenciones. La causa qued\u00f3 en manos del Ministerio P\u00fablico de la Acusaci\u00f3n.<\/p>\n\n\n\n<p>La pesquisa contin\u00faa y se esperan avances en las pr\u00f3ximas horas.<\/p>\n<div class=\"newspaper-x-tags\"><strong>TAGS: <\/strong><span><a href=\"https:\/\/www.rosarioalerta.com.ar\/site\/archivos\/tag\/noticias-de-rosario\" rel=\"tag\">Noticias de Rosario<\/a><\/span><a href=\"https:\/\/www.rosarioalerta.com.ar\/site\/archivos\/tag\/rosario\" rel=\"tag\">Rosario<\/a><\/span><a href=\"https:\/\/www.rosarioalerta.com.ar\/site\/archivos\/tag\/santa-fe\" rel=\"tag\">Santa Fe<\/a> <\/div>","protected":false},"excerpt":{"rendered":"<p>Dos de las v\u00edctimas son menores de edad Una balacera dej\u00f3 cuatro personas heridas este martes por la noche en la esquina de Aguzzi y Espinosa. El ataque ocurri\u00f3 cerca de las 21.30, cuando un hombre en motocicleta abri\u00f3 fuego contra un grupo de personas. Las v\u00edctimas fueron trasladadas en veh\u00edculos particulares al HECA. Se [&hellip;]<\/p>\n","protected":false},"author":2,"featured_media":31066,"comment_status":"open","ping_status":"open","sticky":false,"template":"","format":"standard","meta":{"_joinchat":[],"footnotes":""},"categories":[15,17,21,14],"tags":[95,55,65],"class_list":["post-31065","post","type-post","status-publish","format-standard","has-post-thumbnail","hentry","category-balaceras","category-heridos","category-noticias","category-policiales","tag-noticias-de-rosario","tag-rosario","tag-santa-fe"],"_links":{"self":[{"href":"https:\/\/www.rosarioalerta.com.ar\/site\/wp-json\/wp\/v2\/posts\/31065","targetHints":{"allow":["GET"]}}],"collection":[{"href":"https:\/\/www.rosarioalerta.com.ar\/site\/wp-json\/wp\/v2\/posts"}],"about":[{"href":"https:\/\/www.rosarioalerta.com.ar\/site\/wp-json\/wp\/v2\/types\/post"}],"author":[{"embeddable":true,"href":"https:\/\/www.rosarioalerta.com.ar\/site\/wp-json\/wp\/v2\/users\/2"}],"replies":[{"embeddable":true,"href":"https:\/\/www.rosarioalerta.com.ar\/site\/wp-json\/wp\/v2\/comments?post=31065"}],"version-history":[{"count":1,"href":"https:\/\/www.rosarioalerta.com.ar\/site\/wp-json\/wp\/v2\/posts\/31065\/revisions"}],"predecessor-version":[{"id":31067,"href":"https:\/\/www.rosarioalerta.com.ar\/site\/wp-json\/wp\/v2\/posts\/31065\/revisions\/31067"}],"wp:featuredmedia":[{"embeddable":true,"href":"https:\/\/www.rosarioalerta.com.ar\/site\/wp-json\/wp\/v2\/media\/31066"}],"wp:attachment":[{"href":"https:\/\/www.rosarioalerta.com.ar\/site\/wp-json\/wp\/v2\/media?parent=31065"}],"wp:term":[{"taxonomy":"category","embeddable":true,"href":"https:\/\/www.rosarioalerta.com.ar\/site\/wp-json\/wp\/v2\/categories?post=31065"},{"taxonomy":"post_tag","embeddable":true,"href":"https:\/\/www.rosarioalerta.com.ar\/site\/wp-json\/wp\/v2\/tags?post=31065"}],"curies":[{"name":"wp","href":"https:\/\/api.w.org\/{rel}","templated":true}]}}