{"id":31060,"date":"2026-02-24T23:11:39","date_gmt":"2026-02-25T02:11:39","guid":{"rendered":"https:\/\/www.rosarioalerta.com.ar\/site\/?p=31060"},"modified":"2026-02-24T23:11:40","modified_gmt":"2026-02-25T02:11:40","slug":"cae-un-sujeto-por-robos-armados-en-rosario-perez-y-alrededores","status":"publish","type":"post","link":"https:\/\/www.rosarioalerta.com.ar\/site\/archivos\/31060","title":{"rendered":"Cae un sujeto por robos armados en Rosario, P\u00e9rez y alrededores"},"content":{"rendered":"\n<p>La PDI realiz\u00f3 dos operativos por una serie de asaltos registrados en enero y febrero en seis localidades del sur santafesino<\/p>\n\n\n\n<p>Un joven de 19 a\u00f1os fue detenido este martes, acusado de robo calificado con privaci\u00f3n ileg\u00edtima de la libertad. Los procedimientos se realizaron en <strong>Matienzo al 4000<\/strong>, en <strong>Rosario<\/strong> y en <strong>Santa Fe al 1500<\/strong>, de <strong>P\u00e9rez<\/strong>. La investigaci\u00f3n se inici\u00f3 tras varios hechos ocurridos entre enero y febrero en distintas localidades de la regi\u00f3n.<\/p>\n\n\n\n<p>La causa est\u00e1 a cargo del fiscal adjunto <strong>Juan Pablo Oggero<\/strong> y fue impulsada por la <strong>Polic\u00eda de Investigaciones<\/strong> (PDI). Seg\u00fan fuentes oficiales, los delitos se registraron en <strong>Acebal<\/strong>, <strong>Armstrong, Barrancas, Maciel, Los Molinos y Coronel Arnold. <\/strong>Las v\u00edctimas denunciaron asaltos bajo la modalidad de robo calificado, en algunos casos con restricci\u00f3n de la libertad.<\/p>\n\n\n\n<p>Tras tareas de inteligencia, an\u00e1lisis de c\u00e1maras y otras medidas judiciales, los agentes identificaron a uno de los principales sospechosos.<\/p>\n\n\n\n<p>Con \u00f3rdenes judiciales, personal del Departamento Operativo Regi\u00f3n II \u2013 Distrito Casilda allan\u00f3 dos domicilios. Cont\u00f3 con colaboraci\u00f3n de la Secci\u00f3n Automotores de la PDI Distrito Rosario.<\/p>\n\n\n\n<p>En los operativos, adem\u00e1s del detenido secuestraron, una carabina calibre 22 largo, municiones de distintos calibres, celulares, una notebook y tarjetas de memoria, entre otros elementos de inter\u00e9s para la causa.<\/p>\n\n\n\n<p>Voceros de la fuerza se\u00f1alaron que \u201cla investigaci\u00f3n contin\u00faa para determinar la posible participaci\u00f3n de otras personas\u201d.<\/p>\n\n\n\n<p>El fiscal dispuso el traslado del detenido a la sede de la PDI Distrito Casilda para la formaci\u00f3n de causa. Qued\u00f3 a disposici\u00f3n de la Justicia.<\/p>\n\n\n\n<p>Los hechos investigados generaron preocupaci\u00f3n en varias localidades del <strong>departamento Caseros<\/strong> y <strong>zonas aleda\u00f1as<\/strong> por la reiteraci\u00f3n de asaltos durante el verano.<\/p>\n\n\n\n<p>Desde el MPA indicaron que se analizar\u00e1 el material secuestrado para establecer conexiones con otros episodios. La causa sigue en etapa investigativa.<\/p>\n<div class=\"newspaper-x-tags\"><strong>TAGS: <\/strong><span><a href=\"https:\/\/www.rosarioalerta.com.ar\/site\/archivos\/tag\/noticias-de-perez-2\" rel=\"tag\">Noticias de P\u00e9rez<\/a><\/span><a href=\"https:\/\/www.rosarioalerta.com.ar\/site\/archivos\/tag\/noticias-de-rosario\" rel=\"tag\">Noticias de Rosario<\/a><\/span><a href=\"https:\/\/www.rosarioalerta.com.ar\/site\/archivos\/tag\/perez-3\" rel=\"tag\">P\u00e9rez<\/a><\/span><a href=\"https:\/\/www.rosarioalerta.com.ar\/site\/archivos\/tag\/rosario\" rel=\"tag\">Rosario<\/a><\/span><a href=\"https:\/\/www.rosarioalerta.com.ar\/site\/archivos\/tag\/santa-fe\" rel=\"tag\">Santa Fe<\/a> <\/div>","protected":false},"excerpt":{"rendered":"<p>La PDI realiz\u00f3 dos operativos por una serie de asaltos registrados en enero y febrero en seis localidades del sur santafesino Un joven de 19 a\u00f1os fue detenido este martes, acusado de robo calificado con privaci\u00f3n ileg\u00edtima de la libertad. Los procedimientos se realizaron en Matienzo al 4000, en Rosario y en Santa Fe al [&hellip;]<\/p>\n","protected":false},"author":2,"featured_media":31061,"comment_status":"open","ping_status":"open","sticky":false,"template":"","format":"standard","meta":{"_joinchat":[],"footnotes":""},"categories":[12,11,21,14],"tags":[427,95,428,55,65],"class_list":["post-31060","post","type-post","status-publish","format-standard","has-post-thumbnail","hentry","category-allanamientos","category-detenidos","category-noticias","category-policiales","tag-noticias-de-perez-2","tag-noticias-de-rosario","tag-perez-3","tag-rosario","tag-santa-fe"],"_links":{"self":[{"href":"https:\/\/www.rosarioalerta.com.ar\/site\/wp-json\/wp\/v2\/posts\/31060","targetHints":{"allow":["GET"]}}],"collection":[{"href":"https:\/\/www.rosarioalerta.com.ar\/site\/wp-json\/wp\/v2\/posts"}],"about":[{"href":"https:\/\/www.rosarioalerta.com.ar\/site\/wp-json\/wp\/v2\/types\/post"}],"author":[{"embeddable":true,"href":"https:\/\/www.rosarioalerta.com.ar\/site\/wp-json\/wp\/v2\/users\/2"}],"replies":[{"embeddable":true,"href":"https:\/\/www.rosarioalerta.com.ar\/site\/wp-json\/wp\/v2\/comments?post=31060"}],"version-history":[{"count":1,"href":"https:\/\/www.rosarioalerta.com.ar\/site\/wp-json\/wp\/v2\/posts\/31060\/revisions"}],"predecessor-version":[{"id":31062,"href":"https:\/\/www.rosarioalerta.com.ar\/site\/wp-json\/wp\/v2\/posts\/31060\/revisions\/31062"}],"wp:featuredmedia":[{"embeddable":true,"href":"https:\/\/www.rosarioalerta.com.ar\/site\/wp-json\/wp\/v2\/media\/31061"}],"wp:attachment":[{"href":"https:\/\/www.rosarioalerta.com.ar\/site\/wp-json\/wp\/v2\/media?parent=31060"}],"wp:term":[{"taxonomy":"category","embeddable":true,"href":"https:\/\/www.rosarioalerta.com.ar\/site\/wp-json\/wp\/v2\/categories?post=31060"},{"taxonomy":"post_tag","embeddable":true,"href":"https:\/\/www.rosarioalerta.com.ar\/site\/wp-json\/wp\/v2\/tags?post=31060"}],"curies":[{"name":"wp","href":"https:\/\/api.w.org\/{rel}","templated":true}]}}