{"id":31046,"date":"2026-02-24T17:18:37","date_gmt":"2026-02-24T20:18:37","guid":{"rendered":"https:\/\/www.rosarioalerta.com.ar\/site\/?p=31046"},"modified":"2026-02-24T17:18:59","modified_gmt":"2026-02-24T20:18:59","slug":"otra-pelea-de-trapitos-deja-dos-detenidos","status":"publish","type":"post","link":"https:\/\/www.rosarioalerta.com.ar\/site\/archivos\/31046","title":{"rendered":"Otra pelea de trapitos deja dos detenidos"},"content":{"rendered":"\n<p>Fue anoche en la puerta del Hospital Provincial de Rosario<\/p>\n\n\n\n<p>Los polic\u00edas escucharon, verificaron, actuaron. <strong>Xiomara y Fernando<\/strong> terminaron esposados en la vereda de una esquina que conocen de memoria, pero que esta noche se ve\u00eda diferente. <strong>Roberto<\/strong>, con el pulso todav\u00eda acelerado, dio su testimonio mientras el m\u00f3vil esperaba. Nadie result\u00f3 gravemente herido. Eso, al menos, confirmaron las fuentes policiales. Pero las heridas que no se ven \u2014el miedo, la rabia, la verg\u00fcenza de terminar as\u00ed\u2014 no las registran los partes oficiales.<\/p>\n\n\n\n<p>Seg\u00fan la reconstrucci\u00f3n del hecho, se registr\u00f3 una pelea entre cuidacoches, en la esquina de <strong>1\u00ba de Mayo y Zeballos<\/strong>, quienes peleaban por el poder\u00edo de la parada. Al llegar la polic\u00eda detuvo a quienes denunciaron como agresores<\/p>\n\n\n\n<p>Ambos detenidos fueron trasladados a la <strong>Comisar\u00eda 2\u00b0,<\/strong> donde pasaron lo que quedaba de noche. Ahora, la Justicia deber\u00e1 determinar si fue agresi\u00f3n, si hubo provocaci\u00f3n, si hay algo m\u00e1s que una discusi\u00f3n que se fue de las manos en una esquina cualquiera de Rosario.<\/p>\n<div class=\"newspaper-x-tags\"><strong>TAGS: <\/strong><span><a href=\"https:\/\/www.rosarioalerta.com.ar\/site\/archivos\/tag\/noticias-de-rosario\" rel=\"tag\">Noticias de Rosario<\/a><\/span><a href=\"https:\/\/www.rosarioalerta.com.ar\/site\/archivos\/tag\/rosario\" rel=\"tag\">Rosario<\/a><\/span><a href=\"https:\/\/www.rosarioalerta.com.ar\/site\/archivos\/tag\/santa-fe\" rel=\"tag\">Santa Fe<\/a> <\/div>","protected":false},"excerpt":{"rendered":"<p>Fue anoche en la puerta del Hospital Provincial de Rosario Los polic\u00edas escucharon, verificaron, actuaron. Xiomara y Fernando terminaron esposados en la vereda de una esquina que conocen de memoria, pero que esta noche se ve\u00eda diferente. Roberto, con el pulso todav\u00eda acelerado, dio su testimonio mientras el m\u00f3vil esperaba. Nadie result\u00f3 gravemente herido. Eso, [&hellip;]<\/p>\n","protected":false},"author":2,"featured_media":31047,"comment_status":"open","ping_status":"open","sticky":false,"template":"","format":"standard","meta":{"_joinchat":[],"footnotes":""},"categories":[21,14],"tags":[95,55,65],"class_list":["post-31046","post","type-post","status-publish","format-standard","has-post-thumbnail","hentry","category-noticias","category-policiales","tag-noticias-de-rosario","tag-rosario","tag-santa-fe"],"_links":{"self":[{"href":"https:\/\/www.rosarioalerta.com.ar\/site\/wp-json\/wp\/v2\/posts\/31046","targetHints":{"allow":["GET"]}}],"collection":[{"href":"https:\/\/www.rosarioalerta.com.ar\/site\/wp-json\/wp\/v2\/posts"}],"about":[{"href":"https:\/\/www.rosarioalerta.com.ar\/site\/wp-json\/wp\/v2\/types\/post"}],"author":[{"embeddable":true,"href":"https:\/\/www.rosarioalerta.com.ar\/site\/wp-json\/wp\/v2\/users\/2"}],"replies":[{"embeddable":true,"href":"https:\/\/www.rosarioalerta.com.ar\/site\/wp-json\/wp\/v2\/comments?post=31046"}],"version-history":[{"count":1,"href":"https:\/\/www.rosarioalerta.com.ar\/site\/wp-json\/wp\/v2\/posts\/31046\/revisions"}],"predecessor-version":[{"id":31048,"href":"https:\/\/www.rosarioalerta.com.ar\/site\/wp-json\/wp\/v2\/posts\/31046\/revisions\/31048"}],"wp:featuredmedia":[{"embeddable":true,"href":"https:\/\/www.rosarioalerta.com.ar\/site\/wp-json\/wp\/v2\/media\/31047"}],"wp:attachment":[{"href":"https:\/\/www.rosarioalerta.com.ar\/site\/wp-json\/wp\/v2\/media?parent=31046"}],"wp:term":[{"taxonomy":"category","embeddable":true,"href":"https:\/\/www.rosarioalerta.com.ar\/site\/wp-json\/wp\/v2\/categories?post=31046"},{"taxonomy":"post_tag","embeddable":true,"href":"https:\/\/www.rosarioalerta.com.ar\/site\/wp-json\/wp\/v2\/tags?post=31046"}],"curies":[{"name":"wp","href":"https:\/\/api.w.org\/{rel}","templated":true}]}}