{"id":31036,"date":"2026-02-24T07:52:32","date_gmt":"2026-02-24T10:52:32","guid":{"rendered":"https:\/\/www.rosarioalerta.com.ar\/site\/?p=31036"},"modified":"2026-02-24T07:52:34","modified_gmt":"2026-02-24T10:52:34","slug":"rosario-tres-detenidos-en-operativos-por-amenazas","status":"publish","type":"post","link":"https:\/\/www.rosarioalerta.com.ar\/site\/archivos\/31036","title":{"rendered":"Rosario: tres detenidos en operativos por amenazas"},"content":{"rendered":"\n<p>Intervenciones en zona oeste y Pichincha terminaron con secuestro de armas y traslados a comisar\u00edas<\/p>\n\n\n\n<p>Tres procedimientos policiales realizados entre la noche el lunes y la madrugada de este martes en Rosario dejaron como saldo tres personas detenidas por amenazas calificadas, portaci\u00f3n de arma prohibida, un pedido de captura vigente y da\u00f1os.<\/p>\n\n\n\n<p>El primer hecho ocurri\u00f3 a las 23.30 en <strong>Jauretche al 8000<\/strong>, donde personal del <strong>Comando Radioel\u00e9ctrico<\/strong> intervino ante un conflicto entre vecinos. En el lugar, una mujer de 50 a\u00f1os, denunci\u00f3 que su vecina la amenaz\u00f3 con una cuchilla tras una discusi\u00f3n. Los agentes observaron cuando la mujer arroj\u00f3 el arma blanca a la calle y procedieron a su detenci\u00f3n. Fue identificada como <strong>Yoana Marlen G de 30 a\u00f1os<\/strong>.<\/p>\n\n\n\n<p>Minutos despu\u00e9s, los efectivos requisaron a un hombre que se encontraba en la escena, quien intent\u00f3 llevar sus manos a la cintura al advertir la presencia policial. Tras reducirlo, hallaron entre sus prendas un arma de fuego de fabricaci\u00f3n casera con un cartucho calibre 22 en la rec\u00e1mara. El detenido fue identificado como <strong>Adri\u00e1n R de 36 a\u00f1os<\/strong>.<\/p>\n\n\n\n<p>Ambos fueron trasladados a la <strong>Comisar\u00eda 32\u00ba<\/strong> por razones de jurisdicci\u00f3n.<\/p>\n\n\n\n<p>En los primeros minutos de este martes, en <strong>Camino de los Indios y Pasaje 1713,<\/strong> personal del <strong>Comando Radioel\u00e9ctrico<\/strong> patrullaba la zona cuando recibi\u00f3 un aviso sobre dos hombres en moto, uno de ellos presuntamente armado.<\/p>\n\n\n\n<p>En el operativo identificaron a <strong>Fabi\u00e1n Alberto A de 43 a\u00f1os, <\/strong>quien alverificar sus datos, el sistema arroj\u00f3 un pedido de captura activo desde el <strong>25 de mayo de 2022<\/strong>, requerido por el <strong>Tribunal Federal N\u00b03<\/strong> de <strong>Rosario<\/strong>.<\/p>\n\n\n\n<p>El hombre fue detenido y derivado tambi\u00e9n a la <strong>Comisar\u00eda 32\u00ba<\/strong>. La investigaci\u00f3n qued\u00f3 a disposici\u00f3n de la <strong>Justicia Federal<\/strong>.<\/p>\n\n\n\n<p>Finalmente una hora m\u00e1s tarde, la <strong>Brigada Motorizada<\/strong> intervino por un hecho de da\u00f1os en <strong>barrio Pichincha<\/strong>. El procedimiento se inici\u00f3 tras un llamado al 911 que alert\u00f3 sobre la rotura de un veh\u00edculo.<\/p>\n\n\n\n<figure class=\"wp-block-image size-large\"><img loading=\"lazy\" decoding=\"async\" width=\"1024\" height=\"576\" src=\"https:\/\/www.rosarioalerta.com.ar\/site\/wp-content\/uploads\/2026\/02\/Poli-4-1024x576.jpg\" alt=\"\" class=\"wp-image-31038\" srcset=\"https:\/\/www.rosarioalerta.com.ar\/site\/wp-content\/uploads\/2026\/02\/Poli-4-1024x576.jpg 1024w, https:\/\/www.rosarioalerta.com.ar\/site\/wp-content\/uploads\/2026\/02\/Poli-4-300x169.jpg 300w, https:\/\/www.rosarioalerta.com.ar\/site\/wp-content\/uploads\/2026\/02\/Poli-4-768x432.jpg 768w, https:\/\/www.rosarioalerta.com.ar\/site\/wp-content\/uploads\/2026\/02\/Poli-4-1536x864.jpg 1536w, https:\/\/www.rosarioalerta.com.ar\/site\/wp-content\/uploads\/2026\/02\/Poli-4.jpg 1920w\" sizes=\"auto, (max-width: 1024px) 100vw, 1024px\" \/><\/figure>\n\n\n\n<p>La v\u00edctima, una taxista de 40 a\u00f1os, inform\u00f3 que un hombre arroj\u00f3 una piedra tipo mosaico contra el vidrio de su autom\u00f3vil. Luego de un patrullaje, los agentes detuvieron en <strong>Estanislao L\u00f3pez y Moreno<\/strong> a <strong>Alexis C de 46 a\u00f1os.<\/strong><\/p>\n\n\n\n<p>El elemento utilizado fue secuestrado y el acusado qued\u00f3 a disposici\u00f3n de la justicia alojado en la <strong>Comisar\u00eda 2\u00ba<\/strong>.<\/p>\n<div class=\"newspaper-x-tags\"><strong>TAGS: <\/strong><span><a href=\"https:\/\/www.rosarioalerta.com.ar\/site\/archivos\/tag\/noticias-de-rosario\" rel=\"tag\">Noticias de Rosario<\/a><\/span><a href=\"https:\/\/www.rosarioalerta.com.ar\/site\/archivos\/tag\/rosario\" rel=\"tag\">Rosario<\/a><\/span><a href=\"https:\/\/www.rosarioalerta.com.ar\/site\/archivos\/tag\/santa-fe\" rel=\"tag\">Santa Fe<\/a> <\/div>","protected":false},"excerpt":{"rendered":"<p>Intervenciones en zona oeste y Pichincha terminaron con secuestro de armas y traslados a comisar\u00edas Tres procedimientos policiales realizados entre la noche el lunes y la madrugada de este martes en Rosario dejaron como saldo tres personas detenidas por amenazas calificadas, portaci\u00f3n de arma prohibida, un pedido de captura vigente y da\u00f1os. El primer hecho [&hellip;]<\/p>\n","protected":false},"author":2,"featured_media":31037,"comment_status":"open","ping_status":"open","sticky":false,"template":"","format":"standard","meta":{"_joinchat":[],"footnotes":""},"categories":[11,21,14],"tags":[95,55,65],"class_list":["post-31036","post","type-post","status-publish","format-standard","has-post-thumbnail","hentry","category-detenidos","category-noticias","category-policiales","tag-noticias-de-rosario","tag-rosario","tag-santa-fe"],"_links":{"self":[{"href":"https:\/\/www.rosarioalerta.com.ar\/site\/wp-json\/wp\/v2\/posts\/31036","targetHints":{"allow":["GET"]}}],"collection":[{"href":"https:\/\/www.rosarioalerta.com.ar\/site\/wp-json\/wp\/v2\/posts"}],"about":[{"href":"https:\/\/www.rosarioalerta.com.ar\/site\/wp-json\/wp\/v2\/types\/post"}],"author":[{"embeddable":true,"href":"https:\/\/www.rosarioalerta.com.ar\/site\/wp-json\/wp\/v2\/users\/2"}],"replies":[{"embeddable":true,"href":"https:\/\/www.rosarioalerta.com.ar\/site\/wp-json\/wp\/v2\/comments?post=31036"}],"version-history":[{"count":1,"href":"https:\/\/www.rosarioalerta.com.ar\/site\/wp-json\/wp\/v2\/posts\/31036\/revisions"}],"predecessor-version":[{"id":31039,"href":"https:\/\/www.rosarioalerta.com.ar\/site\/wp-json\/wp\/v2\/posts\/31036\/revisions\/31039"}],"wp:featuredmedia":[{"embeddable":true,"href":"https:\/\/www.rosarioalerta.com.ar\/site\/wp-json\/wp\/v2\/media\/31037"}],"wp:attachment":[{"href":"https:\/\/www.rosarioalerta.com.ar\/site\/wp-json\/wp\/v2\/media?parent=31036"}],"wp:term":[{"taxonomy":"category","embeddable":true,"href":"https:\/\/www.rosarioalerta.com.ar\/site\/wp-json\/wp\/v2\/categories?post=31036"},{"taxonomy":"post_tag","embeddable":true,"href":"https:\/\/www.rosarioalerta.com.ar\/site\/wp-json\/wp\/v2\/tags?post=31036"}],"curies":[{"name":"wp","href":"https:\/\/api.w.org\/{rel}","templated":true}]}}