{"id":31033,"date":"2026-02-24T07:48:54","date_gmt":"2026-02-24T10:48:54","guid":{"rendered":"https:\/\/www.rosarioalerta.com.ar\/site\/?p=31033"},"modified":"2026-02-24T07:49:34","modified_gmt":"2026-02-24T10:49:34","slug":"quedo-detenido-el-fiscal-leandro-benegas","status":"publish","type":"post","link":"https:\/\/www.rosarioalerta.com.ar\/site\/archivos\/31033","title":{"rendered":"Qued\u00f3 detenido el fiscal Leandro Benegas"},"content":{"rendered":"\n<p>Es por una causa de abuso sexual, a pesar que le dictaron la preventiva, qued\u00f3 en libertad<\/p>\n\n\n\n<p>El fiscal <strong>Leandro Benegas<\/strong> fue imputado este lunes como <strong>autor de delitos<\/strong> contra la <strong>integridad sexual<\/strong> de <strong>una menor<\/strong> en una audiencia realizada en los tribunales de <strong>Vera<\/strong>. La atribuci\u00f3n fue presentada por los fiscales <strong>Adri\u00e1n Spelta, Luciana Escobar Cello y Mat\u00edas Broggi <\/strong>ante la jueza <strong>Norma Senn<\/strong>. Seg\u00fan la acusaci\u00f3n, los hechos ocurrieron en reiteradas oportunidades cuando la <strong>v\u00edctima era adolescente<\/strong> y <strong>Benegas<\/strong> era <strong>funcionario municipal<\/strong>.<\/p>\n\n\n\n<p>De acuerdo con la imputaci\u00f3n, el acusado habr\u00eda abusado de la v\u00edctima mientras se desempe\u00f1aba en la Municipalidad de Vera. En ese contexto, era superior jer\u00e1rquico del padre de la menor.<\/p>\n\n\n\n<p>La Fiscal\u00eda calific\u00f3 la conducta como abuso sexual con acceso carnal en concurso ideal con promoci\u00f3n a la corrupci\u00f3n de menores agravada por el uso de intimidaci\u00f3n o coerci\u00f3n.<\/p>\n\n\n\n<p>Tras formalizar la imputaci\u00f3n, la jueza <strong>Senn<\/strong> orden\u00f3 la <strong>prisi\u00f3n preventiva<\/strong>. Sin embargo, indic\u00f3 que no puede hacerse efectiva por la aplicaci\u00f3n de la <strong>Ley Nacional 25.320<\/strong>, que establece <strong>inmunidad de arresto para fiscales<\/strong>, <strong>jueces y defensores<\/strong>.<\/p>\n\n\n\n<p>Por ese motivo, la medida <strong>qued\u00f3 suspendida<\/strong> y se dispuso informar la resoluci\u00f3n a la Comisi\u00f3n de Acuerdos de la Legislatura provincial.<\/p>\n\n\n\n<p>Adem\u00e1s, el imputado deber\u00e1 fijar domicilio, no podr\u00e1 salir del pa\u00eds, deber\u00e1 entregar su pasaporte en 48 horas y tiene prohibido cualquier contacto con v\u00edctimas y testigos. El proceso penal contin\u00faa en etapa investigativa. Las medidas restrictivas est\u00e1n vigentes mientras se define la situaci\u00f3n institucional del funcionario<\/p>\n<div class=\"newspaper-x-tags\"><strong>TAGS: <\/strong><span><a href=\"https:\/\/www.rosarioalerta.com.ar\/site\/archivos\/tag\/leandro-benegas\" rel=\"tag\">Leandro Benegas<\/a><\/span><a href=\"https:\/\/www.rosarioalerta.com.ar\/site\/archivos\/tag\/noticias-de-rosario\" rel=\"tag\">Noticias de Rosario<\/a><\/span><a href=\"https:\/\/www.rosarioalerta.com.ar\/site\/archivos\/tag\/rosario\" rel=\"tag\">Rosario<\/a><\/span><a href=\"https:\/\/www.rosarioalerta.com.ar\/site\/archivos\/tag\/santa-fe\" rel=\"tag\">Santa Fe<\/a> <\/div>","protected":false},"excerpt":{"rendered":"<p>Es por una causa de abuso sexual, a pesar que le dictaron la preventiva, qued\u00f3 en libertad El fiscal Leandro Benegas fue imputado este lunes como autor de delitos contra la integridad sexual de una menor en una audiencia realizada en los tribunales de Vera. La atribuci\u00f3n fue presentada por los fiscales Adri\u00e1n Spelta, Luciana [&hellip;]<\/p>\n","protected":false},"author":2,"featured_media":31034,"comment_status":"open","ping_status":"open","sticky":false,"template":"","format":"standard","meta":{"_joinchat":[],"footnotes":""},"categories":[13,21],"tags":[2003,95,55,65],"class_list":["post-31033","post","type-post","status-publish","format-standard","has-post-thumbnail","hentry","category-judiciales","category-noticias","tag-leandro-benegas","tag-noticias-de-rosario","tag-rosario","tag-santa-fe"],"_links":{"self":[{"href":"https:\/\/www.rosarioalerta.com.ar\/site\/wp-json\/wp\/v2\/posts\/31033","targetHints":{"allow":["GET"]}}],"collection":[{"href":"https:\/\/www.rosarioalerta.com.ar\/site\/wp-json\/wp\/v2\/posts"}],"about":[{"href":"https:\/\/www.rosarioalerta.com.ar\/site\/wp-json\/wp\/v2\/types\/post"}],"author":[{"embeddable":true,"href":"https:\/\/www.rosarioalerta.com.ar\/site\/wp-json\/wp\/v2\/users\/2"}],"replies":[{"embeddable":true,"href":"https:\/\/www.rosarioalerta.com.ar\/site\/wp-json\/wp\/v2\/comments?post=31033"}],"version-history":[{"count":1,"href":"https:\/\/www.rosarioalerta.com.ar\/site\/wp-json\/wp\/v2\/posts\/31033\/revisions"}],"predecessor-version":[{"id":31035,"href":"https:\/\/www.rosarioalerta.com.ar\/site\/wp-json\/wp\/v2\/posts\/31033\/revisions\/31035"}],"wp:featuredmedia":[{"embeddable":true,"href":"https:\/\/www.rosarioalerta.com.ar\/site\/wp-json\/wp\/v2\/media\/31034"}],"wp:attachment":[{"href":"https:\/\/www.rosarioalerta.com.ar\/site\/wp-json\/wp\/v2\/media?parent=31033"}],"wp:term":[{"taxonomy":"category","embeddable":true,"href":"https:\/\/www.rosarioalerta.com.ar\/site\/wp-json\/wp\/v2\/categories?post=31033"},{"taxonomy":"post_tag","embeddable":true,"href":"https:\/\/www.rosarioalerta.com.ar\/site\/wp-json\/wp\/v2\/tags?post=31033"}],"curies":[{"name":"wp","href":"https:\/\/api.w.org\/{rel}","templated":true}]}}