{"id":31028,"date":"2026-02-23T15:54:26","date_gmt":"2026-02-23T18:54:26","guid":{"rendered":"https:\/\/www.rosarioalerta.com.ar\/site\/?p=31028"},"modified":"2026-02-23T15:54:28","modified_gmt":"2026-02-23T18:54:28","slug":"inversion-en-bienestar-y-operatividad","status":"publish","type":"post","link":"https:\/\/www.rosarioalerta.com.ar\/site\/archivos\/31028","title":{"rendered":"Inversi\u00f3n en bienestar y operatividad"},"content":{"rendered":"\n<p>La Provincia ampl\u00eda salud mental y transporte para fuerzas de seguridad<\/p>\n\n\n\n<p>El <strong>Gobierno de la Provincia<\/strong> anunci\u00f3 este lunes en <strong>Rosario<\/strong> nuevas medidas para mejorar las condiciones laborales del personal policial y penitenciario. La decisi\u00f3n incluye refuerzo en transporte, <strong>alojamiento para agentes destinados en Rosario y cobertura del 100 %<\/strong> en medicamentos de salud mental. La iniciativa fue presentada por funcionarios de los ministerios de Justicia y Seguridad, Salud y Econom\u00eda, con el objetivo de fortalecer el bienestar integral y la operatividad.<\/p>\n\n\n\n<p>La secretaria de Coordinaci\u00f3n T\u00e9cnica y Administraci\u00f3n Financiera del Ministerio de Justicia y Seguridad, <strong>Georgina Orciani<\/strong>, explic\u00f3 que se optimizaron recorridos y frecuencias del transporte oficial ante el desfasaje entre lugares de reclutamiento y destinos de servicio.<\/p>\n\n\n\n<p>Se incorporaron dos unidades que conectan la <strong>ciudad de Santa Fe<\/strong> con el departamento <strong>Castellanos<\/strong>, con acceso a <strong>Rafaela y Frontera<\/strong>. Tambi\u00e9n se reforzaron los traslados entre <strong>Rosario y Venado Tuerto<\/strong>, y desde <strong>Santa Fe hacia Vera y San Javier.<\/strong><\/p>\n\n\n\n<p>Adem\u00e1s, se sumaron paradas intermedias en los corredores <strong>Santa Fe\u2013Rosario y Rosario\u2013Santa Fe <\/strong>para reducir traslados a terminales y mejorar tiempos de viaje.<\/p>\n\n\n\n<p><strong>Desde el 1 de marzo<\/strong> se habilitar\u00e1 un <strong>sistema de hospedaje<\/strong> para efectivos provenientes de <strong>Vera<\/strong> que prestan servicio en las <strong>Unidades Regionales II, IV, VI y VIII.<\/strong> La primera etapa se focaliza en Rosario por su concentraci\u00f3n de personal.<\/p>\n\n\n\n<p>Se conform\u00f3 una mesa tripartita entre Econom\u00eda \u2014a trav\u00e9s de Iapos\u2014, Salud y Justicia y Seguridad. El programa garantiza cobertura total en medicamentos de salud mental para afiliados y futuros ingresantes.<\/p>\n\n\n\n<p>La asistencia tambi\u00e9n alcanzar\u00e1 al grupo familiar. \u201cEl objetivo es abordar integralmente la salud mental del entorno familiar\u201d, afirm\u00f3 <strong>Orciani<\/strong>.<\/p>\n\n\n\n<p>El secretario de Gesti\u00f3n y Fortalecimiento Institucional de Salud, <strong>Gonzalo Chiesa<\/strong>, se\u00f1al\u00f3 que el plan incluye capacitaci\u00f3n y prevenci\u00f3n.<\/p>\n\n\n\n<p>En tanto, <strong>Pablo R\u00edos<\/strong>, de Iapos, sostuvo: \u201cEs fundamental garantizar atenci\u00f3n al grupo familiar para que el agente pueda desempe\u00f1ar plenamente su servicio\u201d.<\/p>\n\n\n\n<p>Con estas medidas, la Provincia apunta a mejorar la calidad laboral y fortalecer la prestaci\u00f3n del servicio de seguridad.<\/p>\n<div class=\"newspaper-x-tags\"><strong>TAGS: <\/strong><span><a href=\"https:\/\/www.rosarioalerta.com.ar\/site\/archivos\/tag\/noticias-de-rosario\" rel=\"tag\">Noticias de Rosario<\/a><\/span><a href=\"https:\/\/www.rosarioalerta.com.ar\/site\/archivos\/tag\/rosario\" rel=\"tag\">Rosario<\/a><\/span><a href=\"https:\/\/www.rosarioalerta.com.ar\/site\/archivos\/tag\/santa-fe\" rel=\"tag\">Santa Fe<\/a> <\/div>","protected":false},"excerpt":{"rendered":"<p>La Provincia ampl\u00eda salud mental y transporte para fuerzas de seguridad El Gobierno de la Provincia anunci\u00f3 este lunes en Rosario nuevas medidas para mejorar las condiciones laborales del personal policial y penitenciario. La decisi\u00f3n incluye refuerzo en transporte, alojamiento para agentes destinados en Rosario y cobertura del 100 % en medicamentos de salud mental. [&hellip;]<\/p>\n","protected":false},"author":2,"featured_media":31029,"comment_status":"open","ping_status":"open","sticky":false,"template":"","format":"standard","meta":{"_joinchat":[],"footnotes":""},"categories":[18,21],"tags":[95,55,65],"class_list":["post-31028","post","type-post","status-publish","format-standard","has-post-thumbnail","hentry","category-institucional","category-noticias","tag-noticias-de-rosario","tag-rosario","tag-santa-fe"],"_links":{"self":[{"href":"https:\/\/www.rosarioalerta.com.ar\/site\/wp-json\/wp\/v2\/posts\/31028","targetHints":{"allow":["GET"]}}],"collection":[{"href":"https:\/\/www.rosarioalerta.com.ar\/site\/wp-json\/wp\/v2\/posts"}],"about":[{"href":"https:\/\/www.rosarioalerta.com.ar\/site\/wp-json\/wp\/v2\/types\/post"}],"author":[{"embeddable":true,"href":"https:\/\/www.rosarioalerta.com.ar\/site\/wp-json\/wp\/v2\/users\/2"}],"replies":[{"embeddable":true,"href":"https:\/\/www.rosarioalerta.com.ar\/site\/wp-json\/wp\/v2\/comments?post=31028"}],"version-history":[{"count":1,"href":"https:\/\/www.rosarioalerta.com.ar\/site\/wp-json\/wp\/v2\/posts\/31028\/revisions"}],"predecessor-version":[{"id":31030,"href":"https:\/\/www.rosarioalerta.com.ar\/site\/wp-json\/wp\/v2\/posts\/31028\/revisions\/31030"}],"wp:featuredmedia":[{"embeddable":true,"href":"https:\/\/www.rosarioalerta.com.ar\/site\/wp-json\/wp\/v2\/media\/31029"}],"wp:attachment":[{"href":"https:\/\/www.rosarioalerta.com.ar\/site\/wp-json\/wp\/v2\/media?parent=31028"}],"wp:term":[{"taxonomy":"category","embeddable":true,"href":"https:\/\/www.rosarioalerta.com.ar\/site\/wp-json\/wp\/v2\/categories?post=31028"},{"taxonomy":"post_tag","embeddable":true,"href":"https:\/\/www.rosarioalerta.com.ar\/site\/wp-json\/wp\/v2\/tags?post=31028"}],"curies":[{"name":"wp","href":"https:\/\/api.w.org\/{rel}","templated":true}]}}