{"id":31012,"date":"2026-02-22T22:05:57","date_gmt":"2026-02-23T01:05:57","guid":{"rendered":"https:\/\/www.rosarioalerta.com.ar\/site\/?p=31012"},"modified":"2026-02-22T22:06:15","modified_gmt":"2026-02-23T01:06:15","slug":"ataque-armado-y-nota-amenazante-frente-a-un-supermercado","status":"publish","type":"post","link":"https:\/\/www.rosarioalerta.com.ar\/site\/archivos\/31012","title":{"rendered":"Ataque armado y nota amenazante frente a un supermercado"},"content":{"rendered":"\n<p>Un hombre result\u00f3 herido y se investiga si se trat\u00f3 de un ataque al voleo<\/p>\n\n\n\n<p>Un hombre de 33 a\u00f1os result\u00f3 herido de arma de fuego durante la tarde de este domingo, en la intersecci\u00f3n de <strong>Ocampo y Chacabuco<\/strong>, frente a una sucursal del <strong>Carrefour<\/strong>. Dos motociclistas llegaron al lugar, uno descendi\u00f3, <strong>arroj\u00f3 una nota amenazante<\/strong> y efectu\u00f3 <strong>disparos antes de huir<\/strong>. La v\u00edctima fue trasladada estable al sanatorio. Investiga la fiscal <strong>Paula Barro<\/strong>.<\/p>\n\n\n\n<p>Seg\u00fan las primeras actuaciones, el hombre ingres\u00f3 al supermercado segundos antes del ataque. Testigos indicaron que los agresores circulaban en sentido contrario al tr\u00e1nsito y se detuvieron en el acceso.<\/p>\n\n\n\n<p>El acompa\u00f1ante baj\u00f3 de la moto, lanz\u00f3 un papel con amenazas y dispar\u00f3. Luego escaparon en el rodado. Se presume que el tirador efectu\u00f3 los disparos sin un blanco preciso. La v\u00edctima recibi\u00f3 un impacto con orificio de entrada y salida en el abdomen.<\/p>\n\n\n\n<p>Al lugar acudi\u00f3 una ambulancia del <strong>SIES<\/strong>, a cargo del <strong>Dr. Barberi<\/strong>, traslad\u00e1ndolo al <strong>Sanatorio Laprida<\/strong>. La v\u00edctima lleg\u00f3 consciente y estable. Permanece en observaci\u00f3n y fuera de peligro inmediato.<\/p>\n\n\n\n<p>Interviene la fiscal <strong>Paula Barro<\/strong>, de turno en la Fiscal\u00eda de la Unidad de Violencia Altamente Lesiva. La PDI en la escena relev\u00f3 c\u00e1maras de seguridad p\u00fablica y privada. Secuestraron la nota arrojada por el atacante para peritajes. Tambi\u00e9n se recaban testimonios para identificar a los motociclistas.<\/p>\n\n\n\n<p>La investigaci\u00f3n contin\u00faa para establecer el m\u00f3vil del ataque y dar con los responsables<\/p>\n<div class=\"newspaper-x-tags\"><strong>TAGS: <\/strong><span><a href=\"https:\/\/www.rosarioalerta.com.ar\/site\/archivos\/tag\/noticias-de-rosario\" rel=\"tag\">Noticias de Rosario<\/a><\/span><a href=\"https:\/\/www.rosarioalerta.com.ar\/site\/archivos\/tag\/rosario\" rel=\"tag\">Rosario<\/a><\/span><a href=\"https:\/\/www.rosarioalerta.com.ar\/site\/archivos\/tag\/santa-fe\" rel=\"tag\">Santa Fe<\/a> <\/div>","protected":false},"excerpt":{"rendered":"<p>Un hombre result\u00f3 herido y se investiga si se trat\u00f3 de un ataque al voleo Un hombre de 33 a\u00f1os result\u00f3 herido de arma de fuego durante la tarde de este domingo, en la intersecci\u00f3n de Ocampo y Chacabuco, frente a una sucursal del Carrefour. Dos motociclistas llegaron al lugar, uno descendi\u00f3, arroj\u00f3 una nota [&hellip;]<\/p>\n","protected":false},"author":2,"featured_media":31013,"comment_status":"open","ping_status":"open","sticky":false,"template":"","format":"standard","meta":{"_joinchat":[],"footnotes":""},"categories":[15,17,21,14],"tags":[95,55,65],"class_list":["post-31012","post","type-post","status-publish","format-standard","has-post-thumbnail","hentry","category-balaceras","category-heridos","category-noticias","category-policiales","tag-noticias-de-rosario","tag-rosario","tag-santa-fe"],"_links":{"self":[{"href":"https:\/\/www.rosarioalerta.com.ar\/site\/wp-json\/wp\/v2\/posts\/31012","targetHints":{"allow":["GET"]}}],"collection":[{"href":"https:\/\/www.rosarioalerta.com.ar\/site\/wp-json\/wp\/v2\/posts"}],"about":[{"href":"https:\/\/www.rosarioalerta.com.ar\/site\/wp-json\/wp\/v2\/types\/post"}],"author":[{"embeddable":true,"href":"https:\/\/www.rosarioalerta.com.ar\/site\/wp-json\/wp\/v2\/users\/2"}],"replies":[{"embeddable":true,"href":"https:\/\/www.rosarioalerta.com.ar\/site\/wp-json\/wp\/v2\/comments?post=31012"}],"version-history":[{"count":1,"href":"https:\/\/www.rosarioalerta.com.ar\/site\/wp-json\/wp\/v2\/posts\/31012\/revisions"}],"predecessor-version":[{"id":31014,"href":"https:\/\/www.rosarioalerta.com.ar\/site\/wp-json\/wp\/v2\/posts\/31012\/revisions\/31014"}],"wp:featuredmedia":[{"embeddable":true,"href":"https:\/\/www.rosarioalerta.com.ar\/site\/wp-json\/wp\/v2\/media\/31013"}],"wp:attachment":[{"href":"https:\/\/www.rosarioalerta.com.ar\/site\/wp-json\/wp\/v2\/media?parent=31012"}],"wp:term":[{"taxonomy":"category","embeddable":true,"href":"https:\/\/www.rosarioalerta.com.ar\/site\/wp-json\/wp\/v2\/categories?post=31012"},{"taxonomy":"post_tag","embeddable":true,"href":"https:\/\/www.rosarioalerta.com.ar\/site\/wp-json\/wp\/v2\/tags?post=31012"}],"curies":[{"name":"wp","href":"https:\/\/api.w.org\/{rel}","templated":true}]}}