{"id":31007,"date":"2026-02-22T14:59:51","date_gmt":"2026-02-22T17:59:51","guid":{"rendered":"https:\/\/www.rosarioalerta.com.ar\/site\/?p=31007"},"modified":"2026-02-22T14:59:57","modified_gmt":"2026-02-22T17:59:57","slug":"la-ciudadania-opinar-sobre-la-designacion-de-ministros-de-la-corte-suprema","status":"publish","type":"post","link":"https:\/\/www.rosarioalerta.com.ar\/site\/archivos\/31007","title":{"rendered":"La ciudadan\u00eda opinar sobre la designaci\u00f3n de ministros de la Corte Suprema"},"content":{"rendered":"\n<p>Ser\u00e1 mediante una audiencia p\u00fablica prevista para este pr\u00f3ximo 25 de Febrero<\/p>\n\n\n\n<p>La Legislatura provincial habilitar\u00e1 la participaci\u00f3n ciudadana en el proceso de <strong>nombramiento de jueces de la Corte<\/strong>. El <strong>pr\u00f3ximo 25 de febrero<\/strong> a las 15, se realizar\u00e1 en el recinto de la <strong>C\u00e1mara de Diputados y Diputadas de Santa Fe la Audiencia P\u00fablica <\/strong>para tratar los pliegos de <strong>designaci\u00f3n de ministros y ministras<\/strong> de la <strong>Corte Suprema<\/strong> <strong>de Justicia de Santa Fe<\/strong>. La instancia permitir\u00e1 a la ciudadan\u00eda realizar consultas, observaciones y manifestaciones sobre los candidatos. La convocatoria busca garantizar transparencia y legitimidad en el proceso institucional.<\/p>\n\n\n\n<p>La diputada provincial <strong>Lionella Cattalini<\/strong>, presidenta de la <strong>Comisi\u00f3n de Acuerdos<\/strong>, resalt\u00f3 que la participaci\u00f3n ciudadana fortalece la legitimidad de la Corte. <strong><em>\u201cLa integraci\u00f3n del m\u00e1ximo tribunal no puede resolverse de espaldas a la sociedad. Estamos hablando de decisiones que afectan derechos, libertades y l\u00edmites al poder\u201d,<\/em><\/strong> se\u00f1al\u00f3.<\/p>\n\n\n\n<p>La audiencia p\u00fablica permitir\u00e1 intervenciones presenciales y virtuales. Los ciudadanos interesados <strong>deber\u00e1n inscribirse hasta el 24 de febrero<\/strong> a las <strong>12 horas<\/strong> mediante el <strong>formulario disponible en el enlace oficial de la Legislatura (<a href=\"https:\/\/url-shortener.me\/DC7C\">https:\/\/url-shortener.me\/DC7C<\/a>)<\/strong><\/p>\n\n\n\n<p>Cada participante podr\u00e1 formular preguntas y observaciones sobre los candidatos propuestos, contribuyendo a un debate p\u00fablico que ser\u00e1 registrado y tomado en cuenta por la comisi\u00f3n antes de emitir su dictamen.<\/p>\n\n\n\n<p><strong>Cattalini<\/strong> enfatiz\u00f3 que la democracia trasciende la elecci\u00f3n de representantes y requiere control social en las decisiones trascendentes. <strong><em>\u201cUna Corte leg\u00edtima necesita un proceso leg\u00edtimo. La participaci\u00f3n no es decorativa: es un mecanismo de control democr\u00e1tico que fortalece la institucionalidad\u201d,<\/em><\/strong> explic\u00f3.<\/p>\n\n\n\n<p>La convocatoria se enmarca en la pr\u00e1ctica de audiencias p\u00fablicas establecida para garantizar publicidad y debate en los nombramientos judiciales. Esta instancia se suma a medidas previas de transparencia impulsadas por la Legislatura de Santa Fe.<\/p>\n\n\n\n<p>El proceso continuar\u00e1 con la evaluaci\u00f3n de los pliegos por la <strong>Comisi\u00f3n de Acuerdos <\/strong>y la eventual aprobaci\u00f3n por el pleno de la <strong>C\u00e1mara de Diputados y Diputadas.<\/strong> La participaci\u00f3n ciudadana se considera clave para legitimar la integraci\u00f3n del m\u00e1ximo tribunal provincial.<\/p>\n<div class=\"newspaper-x-tags\"><strong>TAGS: <\/strong><span><a href=\"https:\/\/www.rosarioalerta.com.ar\/site\/archivos\/tag\/noticias-de-rosario\" rel=\"tag\">Noticias de Rosario<\/a><\/span><a href=\"https:\/\/www.rosarioalerta.com.ar\/site\/archivos\/tag\/rosario\" rel=\"tag\">Rosario<\/a><\/span><a href=\"https:\/\/www.rosarioalerta.com.ar\/site\/archivos\/tag\/santa-fe\" rel=\"tag\">Santa Fe<\/a> <\/div>","protected":false},"excerpt":{"rendered":"<p>Ser\u00e1 mediante una audiencia p\u00fablica prevista para este pr\u00f3ximo 25 de Febrero La Legislatura provincial habilitar\u00e1 la participaci\u00f3n ciudadana en el proceso de nombramiento de jueces de la Corte. El pr\u00f3ximo 25 de febrero a las 15, se realizar\u00e1 en el recinto de la C\u00e1mara de Diputados y Diputadas de Santa Fe la Audiencia P\u00fablica [&hellip;]<\/p>\n","protected":false},"author":2,"featured_media":31008,"comment_status":"open","ping_status":"open","sticky":false,"template":"","format":"standard","meta":{"_joinchat":[],"footnotes":""},"categories":[18,13,21],"tags":[95,55,65],"class_list":["post-31007","post","type-post","status-publish","format-standard","has-post-thumbnail","hentry","category-institucional","category-judiciales","category-noticias","tag-noticias-de-rosario","tag-rosario","tag-santa-fe"],"_links":{"self":[{"href":"https:\/\/www.rosarioalerta.com.ar\/site\/wp-json\/wp\/v2\/posts\/31007","targetHints":{"allow":["GET"]}}],"collection":[{"href":"https:\/\/www.rosarioalerta.com.ar\/site\/wp-json\/wp\/v2\/posts"}],"about":[{"href":"https:\/\/www.rosarioalerta.com.ar\/site\/wp-json\/wp\/v2\/types\/post"}],"author":[{"embeddable":true,"href":"https:\/\/www.rosarioalerta.com.ar\/site\/wp-json\/wp\/v2\/users\/2"}],"replies":[{"embeddable":true,"href":"https:\/\/www.rosarioalerta.com.ar\/site\/wp-json\/wp\/v2\/comments?post=31007"}],"version-history":[{"count":1,"href":"https:\/\/www.rosarioalerta.com.ar\/site\/wp-json\/wp\/v2\/posts\/31007\/revisions"}],"predecessor-version":[{"id":31009,"href":"https:\/\/www.rosarioalerta.com.ar\/site\/wp-json\/wp\/v2\/posts\/31007\/revisions\/31009"}],"wp:featuredmedia":[{"embeddable":true,"href":"https:\/\/www.rosarioalerta.com.ar\/site\/wp-json\/wp\/v2\/media\/31008"}],"wp:attachment":[{"href":"https:\/\/www.rosarioalerta.com.ar\/site\/wp-json\/wp\/v2\/media?parent=31007"}],"wp:term":[{"taxonomy":"category","embeddable":true,"href":"https:\/\/www.rosarioalerta.com.ar\/site\/wp-json\/wp\/v2\/categories?post=31007"},{"taxonomy":"post_tag","embeddable":true,"href":"https:\/\/www.rosarioalerta.com.ar\/site\/wp-json\/wp\/v2\/tags?post=31007"}],"curies":[{"name":"wp","href":"https:\/\/api.w.org\/{rel}","templated":true}]}}