{"id":30992,"date":"2026-02-22T11:53:40","date_gmt":"2026-02-22T14:53:40","guid":{"rendered":"https:\/\/www.rosarioalerta.com.ar\/site\/?p=30992"},"modified":"2026-02-22T11:53:45","modified_gmt":"2026-02-22T14:53:45","slug":"investigan-una-discusion-que-termino-con-un-disparo","status":"publish","type":"post","link":"https:\/\/www.rosarioalerta.com.ar\/site\/archivos\/30992","title":{"rendered":"Investigan una discusi\u00f3n que termin\u00f3 con un disparo"},"content":{"rendered":"\n<p>Un hombre result\u00f3 herido en una pierna y fue trasladado a un centro de salud<\/p>\n\n\n\n<p>En las primeras horas de la ma\u00f1ana de este domingo, en la intersecci\u00f3n de <strong>Malvinas Argentinas y Sim\u00f3n Bol\u00edvar<\/strong>, en la localidad de <strong>P\u00e9rez<\/strong>. Un hombre de 45 a\u00f1os result\u00f3 herido en una pierna tras una discusi\u00f3n y fue trasladado primero al hospital local y luego al <strong>Hospital Centenario<\/strong> de Rosario.<\/p>\n\n\n\n<p>La v\u00edctima fue identificada como <strong>Pedro Sergio M de 45 a\u00f1os <\/strong>y seg\u00fan las primeras informaciones, el disparo se produjo alrededor de las 5, en el marco de una reuni\u00f3n entre conocidos. De acuerdo a la informaci\u00f3n recabada, uno de los presentes habr\u00eda pedido dinero a otro hombre. La situaci\u00f3n deriv\u00f3 en una discusi\u00f3n y uno de los involucrados se retir\u00f3 del lugar y regres\u00f3 con un arma de fuego. Luego efectu\u00f3 un disparo que impact\u00f3 en la pierna izquierda de la v\u00edctima y se dio a la fuga.<\/p>\n\n\n\n<p>El herido fue trasladado al <strong>Hospital Municipal El Gur\u00ed <\/strong>y posteriormente derivado al <strong>Hospital Centenario<\/strong> para una mejor atenci\u00f3n. La PDI intervino en la escena, peritando el sitio<\/p>\n\n\n\n<p>Los investigadores trabajan para identificar y localizar al presunto autor del disparo.<\/p>\n\n\n\n<p>En Rosario, un hombre fue detenido tras una denuncia por detonaciones y robo de ca\u00f1os de agua en la zona de <strong>Blas Parera al 600<\/strong>. El sospechoso fue identificado como <strong>Ram\u00f3n Alejandro F de 33 a\u00f1os <\/strong>y durante el procedimiento le secuestraron una Glock calibre 9 mm. De la escena recogieron una vaina servida<\/p>\n\n\n\n<figure class=\"wp-block-image size-large\"><img loading=\"lazy\" decoding=\"async\" width=\"1024\" height=\"576\" src=\"https:\/\/www.rosarioalerta.com.ar\/site\/wp-content\/uploads\/2026\/02\/Policiales-3-1-1024x576.jpg\" alt=\"\" class=\"wp-image-30995\" srcset=\"https:\/\/www.rosarioalerta.com.ar\/site\/wp-content\/uploads\/2026\/02\/Policiales-3-1-1024x576.jpg 1024w, https:\/\/www.rosarioalerta.com.ar\/site\/wp-content\/uploads\/2026\/02\/Policiales-3-1-300x169.jpg 300w, https:\/\/www.rosarioalerta.com.ar\/site\/wp-content\/uploads\/2026\/02\/Policiales-3-1-768x432.jpg 768w, https:\/\/www.rosarioalerta.com.ar\/site\/wp-content\/uploads\/2026\/02\/Policiales-3-1-1536x864.jpg 1536w, https:\/\/www.rosarioalerta.com.ar\/site\/wp-content\/uploads\/2026\/02\/Policiales-3-1.jpg 1920w\" sizes=\"auto, (max-width: 1024px) 100vw, 1024px\" \/><\/figure>\n\n\n\n<p>En otro hecho, en <strong>Hilari\u00f3n de la Quintana al 2400<\/strong>, dos hombres fueron detenidos tras evadir un control vehicular. El conductor, <strong>David Jes\u00fas M de 25 a\u00f1os<\/strong>, dio positivo en alcoholemia. Su acompa\u00f1ante, <strong>Cristian Ariel D de 29,<\/strong> qued\u00f3 imputado tambi\u00e9n por tentativa de cohecho tras ofrecer dinero a un suboficial. El herido permanece bajo atenci\u00f3n m\u00e9dica y fuera de peligro, seg\u00fan fuentes consultadas. La causa contin\u00faa en investigaci\u00f3n para esclarecer las circunstancias y dar con el autor del disparo<\/p>\n<div class=\"newspaper-x-tags\"><strong>TAGS: <\/strong><span><a href=\"https:\/\/www.rosarioalerta.com.ar\/site\/archivos\/tag\/noticias-de-rosario\" rel=\"tag\">Noticias de Rosario<\/a><\/span><a href=\"https:\/\/www.rosarioalerta.com.ar\/site\/archivos\/tag\/rosario\" rel=\"tag\">Rosario<\/a><\/span><a href=\"https:\/\/www.rosarioalerta.com.ar\/site\/archivos\/tag\/santa-fe\" rel=\"tag\">Santa Fe<\/a> <\/div>","protected":false},"excerpt":{"rendered":"<p>Un hombre result\u00f3 herido en una pierna y fue trasladado a un centro de salud En las primeras horas de la ma\u00f1ana de este domingo, en la intersecci\u00f3n de Malvinas Argentinas y Sim\u00f3n Bol\u00edvar, en la localidad de P\u00e9rez. Un hombre de 45 a\u00f1os result\u00f3 herido en una pierna tras una discusi\u00f3n y fue trasladado [&hellip;]<\/p>\n","protected":false},"author":2,"featured_media":30994,"comment_status":"open","ping_status":"open","sticky":false,"template":"","format":"standard","meta":{"_joinchat":[],"footnotes":""},"categories":[11,17,21,14],"tags":[95,55,65],"class_list":["post-30992","post","type-post","status-publish","format-standard","has-post-thumbnail","hentry","category-detenidos","category-heridos","category-noticias","category-policiales","tag-noticias-de-rosario","tag-rosario","tag-santa-fe"],"_links":{"self":[{"href":"https:\/\/www.rosarioalerta.com.ar\/site\/wp-json\/wp\/v2\/posts\/30992","targetHints":{"allow":["GET"]}}],"collection":[{"href":"https:\/\/www.rosarioalerta.com.ar\/site\/wp-json\/wp\/v2\/posts"}],"about":[{"href":"https:\/\/www.rosarioalerta.com.ar\/site\/wp-json\/wp\/v2\/types\/post"}],"author":[{"embeddable":true,"href":"https:\/\/www.rosarioalerta.com.ar\/site\/wp-json\/wp\/v2\/users\/2"}],"replies":[{"embeddable":true,"href":"https:\/\/www.rosarioalerta.com.ar\/site\/wp-json\/wp\/v2\/comments?post=30992"}],"version-history":[{"count":1,"href":"https:\/\/www.rosarioalerta.com.ar\/site\/wp-json\/wp\/v2\/posts\/30992\/revisions"}],"predecessor-version":[{"id":30996,"href":"https:\/\/www.rosarioalerta.com.ar\/site\/wp-json\/wp\/v2\/posts\/30992\/revisions\/30996"}],"wp:featuredmedia":[{"embeddable":true,"href":"https:\/\/www.rosarioalerta.com.ar\/site\/wp-json\/wp\/v2\/media\/30994"}],"wp:attachment":[{"href":"https:\/\/www.rosarioalerta.com.ar\/site\/wp-json\/wp\/v2\/media?parent=30992"}],"wp:term":[{"taxonomy":"category","embeddable":true,"href":"https:\/\/www.rosarioalerta.com.ar\/site\/wp-json\/wp\/v2\/categories?post=30992"},{"taxonomy":"post_tag","embeddable":true,"href":"https:\/\/www.rosarioalerta.com.ar\/site\/wp-json\/wp\/v2\/tags?post=30992"}],"curies":[{"name":"wp","href":"https:\/\/api.w.org\/{rel}","templated":true}]}}