{"id":30982,"date":"2026-02-21T10:58:24","date_gmt":"2026-02-21T13:58:24","guid":{"rendered":"https:\/\/www.rosarioalerta.com.ar\/site\/?p=30982"},"modified":"2026-02-21T10:58:33","modified_gmt":"2026-02-21T13:58:33","slug":"piden-16-anos-por-matar-a-un-hombre-que-le-robo-una-garrafa","status":"publish","type":"post","link":"https:\/\/www.rosarioalerta.com.ar\/site\/archivos\/30982","title":{"rendered":"Piden 16 a\u00f1os por matar a un hombre que le rob\u00f3 una garrafa"},"content":{"rendered":"\n<p>Comenz\u00f3 el juicio contra <strong>Emiliano Cantero<\/strong>, por el asesinato de Ordo\u00f1ez<\/p>\n\n\n\n<p>Este viernes, comenz\u00f3 el juicio oral por homicidio en la Sala 8 del Centro de Justicia Penal de Rosario. El proceso, impulsado por la Fiscal\u00eda Regional 2, juzga a <strong>Emiliano Agust\u00edn Cantero<\/strong> <strong>de 21 a\u00f1os<\/strong>, acusado de matar a <strong>Daniel Rodrigo Ordo\u00f1ez<\/strong> el <strong>11 de abril de 2023<\/strong> en <strong>Rold\u00e1n<\/strong>. Seg\u00fan la acusaci\u00f3n, el ataque ocurri\u00f3 tras una discusi\u00f3n por el presunto robo de una garrafa. El fiscal Alejandro Ferlazzo solicita <strong>16 a\u00f1os de prisi\u00f3n efectiva.<\/strong><\/p>\n\n\n\n<p>El tribunal est\u00e1 integrado por los jueces <strong>Pablo Pinto, Rodrigo Santana y Paola Aguirre.<\/strong><\/p>\n\n\n\n<p>De acuerdo con la acusaci\u00f3n fiscal, el <strong>11 de abril de 2023<\/strong>, cerca de las 18.30, <strong>Cantero<\/strong> se present\u00f3 junto a su pareja en una vivienda de J<strong>.J. Valle al 500, en Rold\u00e1n<\/strong>. Llevaba un arma blanca.<\/p>\n\n\n\n<p>Seg\u00fan la reconstrucci\u00f3n, llam\u00f3 a la puerta y le recrimin\u00f3 a <strong>Ordo\u00f1ez<\/strong> el supuesto robo de una garrafa d\u00edas antes. La discusi\u00f3n continu\u00f3 en la v\u00eda p\u00fablica. En ese contexto, el imputado lo hiri\u00f3 con un arma blanca. Una de las lesiones impact\u00f3 en el flanco izquierdo del abdomen.<\/p>\n\n\n\n<p>La v\u00edctima fue trasladada en ambulancia al <strong>SAMCO<\/strong> local, donde ingres\u00f3 sin vida. El informe m\u00e9dico indic\u00f3 lesi\u00f3n card\u00edaca grave por herida de arma blanca.<\/p>\n\n\n\n<p>Tras el hecho, <strong>Cantero<\/strong> se retir\u00f3 del lugar. Fue retenido por terceros en el domicilio de su pareja hasta la llegada de personal policial, que concret\u00f3 la aprehensi\u00f3n. La Fiscal\u00eda le atribuy\u00f3 el delito de homicidio simple en calidad de autor. Durante la etapa preparatoria se recolectaron testimonios, pericias m\u00e9dicas y actuaciones policiales incorporadas ahora al debate oral.<\/p>\n\n\n\n<p>El fiscal Ferlazzo sostuvo al inicio del juicio que la acusaci\u00f3n se basa en prueba testimonial y cient\u00edfica incorporada al legajo. \u201cLa evidencia permitir\u00e1 acreditar la autor\u00eda y la mec\u00e1nica del hecho\u201d, se\u00f1al\u00f3 en la apertura.<\/p>\n\n\n\n<p>La defensa, por su parte, ejercer\u00e1 su estrategia durante el debate ante el tribunal.<\/p>\n<div class=\"newspaper-x-tags\"><strong>TAGS: <\/strong><span><a href=\"https:\/\/www.rosarioalerta.com.ar\/site\/archivos\/tag\/noticias-de-rosario\" rel=\"tag\">Noticias de Rosario<\/a><\/span><a href=\"https:\/\/www.rosarioalerta.com.ar\/site\/archivos\/tag\/rosario\" rel=\"tag\">Rosario<\/a><\/span><a href=\"https:\/\/www.rosarioalerta.com.ar\/site\/archivos\/tag\/santa-fe\" rel=\"tag\">Santa Fe<\/a> <\/div>","protected":false},"excerpt":{"rendered":"<p>Comenz\u00f3 el juicio contra Emiliano Cantero, por el asesinato de Ordo\u00f1ez Este viernes, comenz\u00f3 el juicio oral por homicidio en la Sala 8 del Centro de Justicia Penal de Rosario. El proceso, impulsado por la Fiscal\u00eda Regional 2, juzga a Emiliano Agust\u00edn Cantero de 21 a\u00f1os, acusado de matar a Daniel Rodrigo Ordo\u00f1ez el 11 [&hellip;]<\/p>\n","protected":false},"author":2,"featured_media":30983,"comment_status":"open","ping_status":"open","sticky":false,"template":"","format":"standard","meta":{"_joinchat":[],"footnotes":""},"categories":[13,21],"tags":[95,55,65],"class_list":["post-30982","post","type-post","status-publish","format-standard","has-post-thumbnail","hentry","category-judiciales","category-noticias","tag-noticias-de-rosario","tag-rosario","tag-santa-fe"],"_links":{"self":[{"href":"https:\/\/www.rosarioalerta.com.ar\/site\/wp-json\/wp\/v2\/posts\/30982","targetHints":{"allow":["GET"]}}],"collection":[{"href":"https:\/\/www.rosarioalerta.com.ar\/site\/wp-json\/wp\/v2\/posts"}],"about":[{"href":"https:\/\/www.rosarioalerta.com.ar\/site\/wp-json\/wp\/v2\/types\/post"}],"author":[{"embeddable":true,"href":"https:\/\/www.rosarioalerta.com.ar\/site\/wp-json\/wp\/v2\/users\/2"}],"replies":[{"embeddable":true,"href":"https:\/\/www.rosarioalerta.com.ar\/site\/wp-json\/wp\/v2\/comments?post=30982"}],"version-history":[{"count":1,"href":"https:\/\/www.rosarioalerta.com.ar\/site\/wp-json\/wp\/v2\/posts\/30982\/revisions"}],"predecessor-version":[{"id":30984,"href":"https:\/\/www.rosarioalerta.com.ar\/site\/wp-json\/wp\/v2\/posts\/30982\/revisions\/30984"}],"wp:featuredmedia":[{"embeddable":true,"href":"https:\/\/www.rosarioalerta.com.ar\/site\/wp-json\/wp\/v2\/media\/30983"}],"wp:attachment":[{"href":"https:\/\/www.rosarioalerta.com.ar\/site\/wp-json\/wp\/v2\/media?parent=30982"}],"wp:term":[{"taxonomy":"category","embeddable":true,"href":"https:\/\/www.rosarioalerta.com.ar\/site\/wp-json\/wp\/v2\/categories?post=30982"},{"taxonomy":"post_tag","embeddable":true,"href":"https:\/\/www.rosarioalerta.com.ar\/site\/wp-json\/wp\/v2\/tags?post=30982"}],"curies":[{"name":"wp","href":"https:\/\/api.w.org\/{rel}","templated":true}]}}