{"id":30976,"date":"2026-02-20T07:29:19","date_gmt":"2026-02-20T10:29:19","guid":{"rendered":"https:\/\/www.rosarioalerta.com.ar\/site\/?p=30976"},"modified":"2026-02-20T07:29:21","modified_gmt":"2026-02-20T10:29:21","slug":"trasladaron-de-urgencia-a-una-beba-tras-caer-de-la-cama","status":"publish","type":"post","link":"https:\/\/www.rosarioalerta.com.ar\/site\/archivos\/30976","title":{"rendered":"Trasladaron de urgencia a una beba tras caer de la cama"},"content":{"rendered":"\n<p>Ocurri\u00f3 anoche en la zona oeste de Rosario, la familia desesperada acudi\u00f3 a la polic\u00eda<\/p>\n\n\n\n<p>Una beba de 9 meses fue trasladada de urgencia ayer por la noche, desde <strong>Bv. Segu\u00ed al 5200<\/strong> hasta el <strong>Hospital de Ni\u00f1os V\u00edctor J. Vilela<\/strong>, luego de que su madre advirtiera que la menor se hab\u00eda desvanecido tras caer de la cama. El procedimiento fue realizado por personal policial, que intervino ante el pedido de auxilio. La ni\u00f1a fue diagnosticada con traumatismo de cr\u00e1neo leve y qued\u00f3 en observaci\u00f3n.<\/p>\n\n\n\n<p>Seg\u00fan las primeras informaciones, agentes que se retiraban de la <strong>Comisar\u00eda 19<\/strong>\u00ba fueron interceptados en la v\u00eda p\u00fablica por una mujer de 34 a\u00f1os, quien llevaba en brazos a su hija <strong>Denisse de 9 meses<\/strong> y solicitaba ayuda.<\/p>\n\n\n\n<p>La mujer manifest\u00f3 que la beba se hab\u00eda ca\u00eddo de la cama y que, desde entonces, se encontraba desvanecida. De inmediato, los agentes decidieron trasladarlas en el m\u00f3vil policial al centro de salud.<\/p>\n\n\n\n<p>La menor fue recibida por la Dra Quinteros, quien dispuso estudios de diagn\u00f3stico por im\u00e1genes. Tras realizar una radiograf\u00eda de cr\u00e1neo, se determin\u00f3 que presentaba traumatismo leve y que se encontraba fuera de peligro. Por indicaci\u00f3n m\u00e9dica, la paciente permaneci\u00f3 en observaci\u00f3n durante dos horas para control evolutivo.<\/p>\n\n\n\n<p>Fuentes oficiales confirmaron que la beba evolucionaba favorablemente y que no presentaba riesgo vital. El caso qued\u00f3 bajo evaluaci\u00f3n de las autoridades correspondientes, conforme al protocolo vigente para este tipo de situaciones.<\/p>\n<div class=\"newspaper-x-tags\"><strong>TAGS: <\/strong><span><a href=\"https:\/\/www.rosarioalerta.com.ar\/site\/archivos\/tag\/noticias-de-rosario\" rel=\"tag\">Noticias de Rosario<\/a><\/span><a href=\"https:\/\/www.rosarioalerta.com.ar\/site\/archivos\/tag\/rosario\" rel=\"tag\">Rosario<\/a><\/span><a href=\"https:\/\/www.rosarioalerta.com.ar\/site\/archivos\/tag\/santa-fe\" rel=\"tag\">Santa Fe<\/a> <\/div>","protected":false},"excerpt":{"rendered":"<p>Ocurri\u00f3 anoche en la zona oeste de Rosario, la familia desesperada acudi\u00f3 a la polic\u00eda Una beba de 9 meses fue trasladada de urgencia ayer por la noche, desde Bv. Segu\u00ed al 5200 hasta el Hospital de Ni\u00f1os V\u00edctor J. Vilela, luego de que su madre advirtiera que la menor se hab\u00eda desvanecido tras caer [&hellip;]<\/p>\n","protected":false},"author":2,"featured_media":30978,"comment_status":"open","ping_status":"open","sticky":false,"template":"","format":"standard","meta":{"_joinchat":[],"footnotes":""},"categories":[18,21,14],"tags":[95,55,65],"class_list":["post-30976","post","type-post","status-publish","format-standard","has-post-thumbnail","hentry","category-institucional","category-noticias","category-policiales","tag-noticias-de-rosario","tag-rosario","tag-santa-fe"],"_links":{"self":[{"href":"https:\/\/www.rosarioalerta.com.ar\/site\/wp-json\/wp\/v2\/posts\/30976","targetHints":{"allow":["GET"]}}],"collection":[{"href":"https:\/\/www.rosarioalerta.com.ar\/site\/wp-json\/wp\/v2\/posts"}],"about":[{"href":"https:\/\/www.rosarioalerta.com.ar\/site\/wp-json\/wp\/v2\/types\/post"}],"author":[{"embeddable":true,"href":"https:\/\/www.rosarioalerta.com.ar\/site\/wp-json\/wp\/v2\/users\/2"}],"replies":[{"embeddable":true,"href":"https:\/\/www.rosarioalerta.com.ar\/site\/wp-json\/wp\/v2\/comments?post=30976"}],"version-history":[{"count":1,"href":"https:\/\/www.rosarioalerta.com.ar\/site\/wp-json\/wp\/v2\/posts\/30976\/revisions"}],"predecessor-version":[{"id":30979,"href":"https:\/\/www.rosarioalerta.com.ar\/site\/wp-json\/wp\/v2\/posts\/30976\/revisions\/30979"}],"wp:featuredmedia":[{"embeddable":true,"href":"https:\/\/www.rosarioalerta.com.ar\/site\/wp-json\/wp\/v2\/media\/30978"}],"wp:attachment":[{"href":"https:\/\/www.rosarioalerta.com.ar\/site\/wp-json\/wp\/v2\/media?parent=30976"}],"wp:term":[{"taxonomy":"category","embeddable":true,"href":"https:\/\/www.rosarioalerta.com.ar\/site\/wp-json\/wp\/v2\/categories?post=30976"},{"taxonomy":"post_tag","embeddable":true,"href":"https:\/\/www.rosarioalerta.com.ar\/site\/wp-json\/wp\/v2\/tags?post=30976"}],"curies":[{"name":"wp","href":"https:\/\/api.w.org\/{rel}","templated":true}]}}