{"id":30969,"date":"2026-02-20T07:16:37","date_gmt":"2026-02-20T10:16:37","guid":{"rendered":"https:\/\/www.rosarioalerta.com.ar\/site\/?p=30969"},"modified":"2026-02-20T07:34:16","modified_gmt":"2026-02-20T10:34:16","slug":"un-auto-incendiado-en-zona-oeste-y-una-mujer-baleada-en-zona-sur","status":"publish","type":"post","link":"https:\/\/www.rosarioalerta.com.ar\/site\/archivos\/30969","title":{"rendered":"Un auto incendiado en zona oeste y una mujer baleada en zona sur"},"content":{"rendered":"\n<p>Dos hechos relevantes se registraron en horas de la madrugada de este viernes en Rosario<\/p>\n\n\n\n<p>Una mujer fue herida de arma de fuego minutos antes de la medianoche, en la zona sur de Rosario, mientras circulaba en moto. El ataque ocurri\u00f3 en <strong>Hilari\u00f3n de la Quintana al 2600<\/strong> y se dio a conocer, tras un llamado a la <strong>Central de Emergencias del 911<\/strong>, que alert\u00f3 sobre una persona lesionada. Seg\u00fan las primeras actuaciones, dos hombres en bicicleta la interceptaron y efectuaron un disparo que impact\u00f3 en su hombro. Se investigan los motivos.<\/p>\n\n\n\n<p>La polic\u00eda acudi\u00f3 inicialmente a <strong>Arij\u00f3n al 2700<\/strong>, donde se report\u00f3 a la v\u00edctima. Luego pudieron establecer que el hecho se produjo a pocas cuadras, en <strong>Hilari\u00f3n de la Quintana al 2600<\/strong>.<\/p>\n\n\n\n<p>En el lugar, los agentes constataron la presencia de <strong>una vaina servida calibre 9 mil\u00edmetros<\/strong>. La mujer fue asistida y derivada para su atenci\u00f3n m\u00e9dica. No se informaron, hasta el momento, detalles sobre su evoluci\u00f3n.<\/p>\n\n\n\n<p>La escena fue preservada para el relevamiento de pruebas. Interviene el Ministerio P\u00fablico de la Acusaci\u00f3n, que orden\u00f3 medidas para identificar a los atacantes.<\/p>\n\n\n\n<p>Los investigadores trabajan sobre testimonios y registros de c\u00e1maras de seguridad de la zona. No se descarta ninguna hip\u00f3tesis y se intenta determinar si el ataque fue dirigido.<\/p>\n\n\n\n<figure class=\"wp-block-image size-large\"><img loading=\"lazy\" decoding=\"async\" width=\"1024\" height=\"576\" src=\"https:\/\/www.rosarioalerta.com.ar\/site\/wp-content\/uploads\/2026\/02\/bomberos--1024x576.jpg\" alt=\"\" class=\"wp-image-30971\" srcset=\"https:\/\/www.rosarioalerta.com.ar\/site\/wp-content\/uploads\/2026\/02\/bomberos--1024x576.jpg 1024w, https:\/\/www.rosarioalerta.com.ar\/site\/wp-content\/uploads\/2026\/02\/bomberos--300x169.jpg 300w, https:\/\/www.rosarioalerta.com.ar\/site\/wp-content\/uploads\/2026\/02\/bomberos--768x432.jpg 768w, https:\/\/www.rosarioalerta.com.ar\/site\/wp-content\/uploads\/2026\/02\/bomberos--1536x864.jpg 1536w, https:\/\/www.rosarioalerta.com.ar\/site\/wp-content\/uploads\/2026\/02\/bomberos-.jpg 1920w\" sizes=\"auto, (max-width: 1024px) 100vw, 1024px\" \/><\/figure>\n\n\n\n<p>Minutos despu\u00e9s, en <strong>Urquiza y Matienzo<\/strong>, una dotaci\u00f3n de <strong>Bomberos Voluntarios de Rosario<\/strong> intervino en el incendio de un veh\u00edculo.<\/p>\n\n\n\n<p>El fuego afect\u00f3 por completo a un Renault Clio, que registr\u00f3 p\u00e9rdidas totales. No se informaron personas heridas por este hecho<\/p>\n\n\n\n<p>Horas m\u00e1s tarde, en una farmacia de <strong>Ayacucho al 6100<\/strong>, se registr\u00f3 un hecho de abuso de armas. No es la primera vez que atentan contra este comercio, pero adem\u00e1s dejaron una nota amenazante. No hubo heridos y las actuaciones recayeron en la <strong>Comisar\u00eda 15\u00ba<\/strong><\/p>\n<div class=\"newspaper-x-tags\"><strong>TAGS: <\/strong><span><a href=\"https:\/\/www.rosarioalerta.com.ar\/site\/archivos\/tag\/noticias-de-rosario\" rel=\"tag\">Noticias de Rosario<\/a><\/span><a href=\"https:\/\/www.rosarioalerta.com.ar\/site\/archivos\/tag\/rosario\" rel=\"tag\">Rosario<\/a><\/span><a href=\"https:\/\/www.rosarioalerta.com.ar\/site\/archivos\/tag\/santa-fe\" rel=\"tag\">Santa Fe<\/a> <\/div>","protected":false},"excerpt":{"rendered":"<p>Dos hechos relevantes se registraron en horas de la madrugada de este viernes en Rosario Una mujer fue herida de arma de fuego minutos antes de la medianoche, en la zona sur de Rosario, mientras circulaba en moto. El ataque ocurri\u00f3 en Hilari\u00f3n de la Quintana al 2600 y se dio a conocer, tras un [&hellip;]<\/p>\n","protected":false},"author":2,"featured_media":30970,"comment_status":"open","ping_status":"open","sticky":false,"template":"","format":"standard","meta":{"_joinchat":[],"footnotes":""},"categories":[15,17,21,14],"tags":[95,55,65],"class_list":["post-30969","post","type-post","status-publish","format-standard","has-post-thumbnail","hentry","category-balaceras","category-heridos","category-noticias","category-policiales","tag-noticias-de-rosario","tag-rosario","tag-santa-fe"],"_links":{"self":[{"href":"https:\/\/www.rosarioalerta.com.ar\/site\/wp-json\/wp\/v2\/posts\/30969","targetHints":{"allow":["GET"]}}],"collection":[{"href":"https:\/\/www.rosarioalerta.com.ar\/site\/wp-json\/wp\/v2\/posts"}],"about":[{"href":"https:\/\/www.rosarioalerta.com.ar\/site\/wp-json\/wp\/v2\/types\/post"}],"author":[{"embeddable":true,"href":"https:\/\/www.rosarioalerta.com.ar\/site\/wp-json\/wp\/v2\/users\/2"}],"replies":[{"embeddable":true,"href":"https:\/\/www.rosarioalerta.com.ar\/site\/wp-json\/wp\/v2\/comments?post=30969"}],"version-history":[{"count":2,"href":"https:\/\/www.rosarioalerta.com.ar\/site\/wp-json\/wp\/v2\/posts\/30969\/revisions"}],"predecessor-version":[{"id":30981,"href":"https:\/\/www.rosarioalerta.com.ar\/site\/wp-json\/wp\/v2\/posts\/30969\/revisions\/30981"}],"wp:featuredmedia":[{"embeddable":true,"href":"https:\/\/www.rosarioalerta.com.ar\/site\/wp-json\/wp\/v2\/media\/30970"}],"wp:attachment":[{"href":"https:\/\/www.rosarioalerta.com.ar\/site\/wp-json\/wp\/v2\/media?parent=30969"}],"wp:term":[{"taxonomy":"category","embeddable":true,"href":"https:\/\/www.rosarioalerta.com.ar\/site\/wp-json\/wp\/v2\/categories?post=30969"},{"taxonomy":"post_tag","embeddable":true,"href":"https:\/\/www.rosarioalerta.com.ar\/site\/wp-json\/wp\/v2\/tags?post=30969"}],"curies":[{"name":"wp","href":"https:\/\/api.w.org\/{rel}","templated":true}]}}