{"id":30954,"date":"2026-02-18T20:12:23","date_gmt":"2026-02-18T23:12:23","guid":{"rendered":"https:\/\/www.rosarioalerta.com.ar\/site\/?p=30954"},"modified":"2026-02-18T20:12:25","modified_gmt":"2026-02-18T23:12:25","slug":"una-veintena-de-policias-a-juicio-por-apremios-ilegales-y-tortura","status":"publish","type":"post","link":"https:\/\/www.rosarioalerta.com.ar\/site\/archivos\/30954","title":{"rendered":"Una veintena de polic\u00edas a juicio por apremios ilegales y tortura"},"content":{"rendered":"\n<p>Comenz\u00f3 el juicio oral por apremios ilegales en Barrio Belgrano contra 21 polic\u00edas. Enfrentan pedidos de hasta 10 a\u00f1os de prisi\u00f3n<\/p>\n\n\n\n<p>Este mi\u00e9rcoles comenz\u00f3 en el <strong>Centro de Justicia Penal <\/strong>el juicio oral por <strong>apremios ilegales, tortura y otros delitos <\/strong>ocurridos el <strong>23 de marzo de 2018<\/strong> en la zona de \u201c<strong>Cuatro Plazas<\/strong>\u201d, en <strong>Barrio Belgrano<\/strong>. La Fiscal\u00eda acusa a <strong>21 efectivos policiales<\/strong> por hechos <strong>contra siete j\u00f3venes<\/strong> y solicit\u00f3 penas de <strong>hasta 10 a\u00f1os de prisi\u00f3n<\/strong>.<\/p>\n\n\n\n<p>El tribunal est\u00e1 integrado por los jueces <strong>Florentino Malaponte, Fernando Sosa y Gonzalo L\u00f3pez Quintana<\/strong>. La fiscal <strong>Karina Bartocci<\/strong> sostiene que los imputados incurrieron en agresiones f\u00edsicas, amenazas, falsedad ideol\u00f3gica y omisi\u00f3n de deberes.<\/p>\n\n\n\n<p>Seg\u00fan la acusaci\u00f3n, el <strong>23 de marzo de 2018<\/strong>, cerca de las 4, un grupo de j\u00f3venes fue interceptado en <strong>Av. Provincias Unidas y Mendoza<\/strong>. Dos de ellos hab\u00edan salido en moto hacia un kiosco cuando advirtieron que un patrullero los segu\u00eda sin dar la voz de alto.<\/p>\n\n\n\n<p>Al regresar a la plaza, comenzaron las detenciones. La Fiscal\u00eda atribuye a <strong>Erica Gisel Denis y Mariano Saavedra<\/strong> haber requisado sin orden legal, golpeado y amenazado a las v\u00edctimas. Tambi\u00e9n se se\u00f1ala a <strong>Walter Ezequiel Duarte, Gast\u00f3n Farley y Ariel Esteban Godoy<\/strong> por agresiones y traslados irregulares.<\/p>\n\n\n\n<p>Uno de los j\u00f3venes recibi\u00f3 un disparo con posta antitumulto en la pantorrilla. La acusaci\u00f3n indica que luego fue perseguido y reducido a golpes por <strong>Roberto Dami\u00e1n Salinas, Diego Ojeda y Leonel Romero<\/strong>, entre otros efectivos.<\/p>\n\n\n\n<p>La causa incluye a <strong>Alexis Cali, Ileana Romero, Mar\u00eda Florencia Gorosito, Nadia L\u00f3pez, Cristian Nevares, \u00c1ngel \u00c1valos, Agust\u00edn Ca\u00f1ete, Melina Lamanna, Lucas S\u00e1nchez, Jes\u00fas Soria, Santiago Morgan y Adri\u00e1n Molina<\/strong>, a quienes se les atribuye participaci\u00f3n activa u omisiones durante los procedimientos y traslados.<\/p>\n\n\n\n<p>La Fiscal\u00eda sostiene que varias actas fueron confeccionadas con datos falsos para justificar el operativo. Tambi\u00e9n se denunci\u00f3 la sustracci\u00f3n de dinero y efectos personales de las v\u00edctimas.<\/p>\n\n\n\n<p>La fiscal <strong>Bartocci<\/strong> imput\u00f3 a <strong>Denis y Saavedra<\/strong> como coautores de apremios ilegales, falsificaci\u00f3n ideol\u00f3gica y hurto agravado, con pedido de <strong>seis a\u00f1os de prisi\u00f3n<\/strong> e <strong>inhabilitaci\u00f3n<\/strong>. Para <strong>Salinas y Morgan<\/strong> solicit\u00f3 <strong>10 a\u00f1os por apremios y tortura.<\/strong><\/p>\n\n\n\n<p>En la apertura, la representante del Ministerio P\u00fablico afirm\u00f3 que \u201clos hechos ser\u00e1n acreditados con prueba testimonial, m\u00e9dica y documental incorporada al debate\u201d.<\/p>\n\n\n\n<p>El caso se origin\u00f3 tras denuncias radicadas por las v\u00edctimas y deriv\u00f3 en una investigaci\u00f3n que reuni\u00f3 pericias m\u00e9dicas, fotograf\u00edas y registros internos. Los j\u00f3venes permanecieron demorados hasta la tarde de ese d\u00eda en la <strong>Comisar\u00eda 14\u00ba<\/strong><\/p>\n\n\n\n<p>El debate oral continuar\u00e1 en las pr\u00f3ximas semanas. El tribunal deber\u00e1 determinar responsabilidades penales individuales y la eventual aplicaci\u00f3n de las penas solicitadas.<\/p>\n<div class=\"newspaper-x-tags\"><strong>TAGS: <\/strong><span><a href=\"https:\/\/www.rosarioalerta.com.ar\/site\/archivos\/tag\/noticias-de-rosario\" rel=\"tag\">Noticias de Rosario<\/a><\/span><a href=\"https:\/\/www.rosarioalerta.com.ar\/site\/archivos\/tag\/rosario\" rel=\"tag\">Rosario<\/a><\/span><a href=\"https:\/\/www.rosarioalerta.com.ar\/site\/archivos\/tag\/santa-fe\" rel=\"tag\">Santa Fe<\/a> <\/div>","protected":false},"excerpt":{"rendered":"<p>Comenz\u00f3 el juicio oral por apremios ilegales en Barrio Belgrano contra 21 polic\u00edas. Enfrentan pedidos de hasta 10 a\u00f1os de prisi\u00f3n Este mi\u00e9rcoles comenz\u00f3 en el Centro de Justicia Penal el juicio oral por apremios ilegales, tortura y otros delitos ocurridos el 23 de marzo de 2018 en la zona de \u201cCuatro Plazas\u201d, en Barrio [&hellip;]<\/p>\n","protected":false},"author":2,"featured_media":30956,"comment_status":"open","ping_status":"open","sticky":false,"template":"","format":"standard","meta":{"_joinchat":[],"footnotes":""},"categories":[13,21,14],"tags":[95,55,65],"class_list":["post-30954","post","type-post","status-publish","format-standard","has-post-thumbnail","hentry","category-judiciales","category-noticias","category-policiales","tag-noticias-de-rosario","tag-rosario","tag-santa-fe"],"_links":{"self":[{"href":"https:\/\/www.rosarioalerta.com.ar\/site\/wp-json\/wp\/v2\/posts\/30954","targetHints":{"allow":["GET"]}}],"collection":[{"href":"https:\/\/www.rosarioalerta.com.ar\/site\/wp-json\/wp\/v2\/posts"}],"about":[{"href":"https:\/\/www.rosarioalerta.com.ar\/site\/wp-json\/wp\/v2\/types\/post"}],"author":[{"embeddable":true,"href":"https:\/\/www.rosarioalerta.com.ar\/site\/wp-json\/wp\/v2\/users\/2"}],"replies":[{"embeddable":true,"href":"https:\/\/www.rosarioalerta.com.ar\/site\/wp-json\/wp\/v2\/comments?post=30954"}],"version-history":[{"count":1,"href":"https:\/\/www.rosarioalerta.com.ar\/site\/wp-json\/wp\/v2\/posts\/30954\/revisions"}],"predecessor-version":[{"id":30957,"href":"https:\/\/www.rosarioalerta.com.ar\/site\/wp-json\/wp\/v2\/posts\/30954\/revisions\/30957"}],"wp:featuredmedia":[{"embeddable":true,"href":"https:\/\/www.rosarioalerta.com.ar\/site\/wp-json\/wp\/v2\/media\/30956"}],"wp:attachment":[{"href":"https:\/\/www.rosarioalerta.com.ar\/site\/wp-json\/wp\/v2\/media?parent=30954"}],"wp:term":[{"taxonomy":"category","embeddable":true,"href":"https:\/\/www.rosarioalerta.com.ar\/site\/wp-json\/wp\/v2\/categories?post=30954"},{"taxonomy":"post_tag","embeddable":true,"href":"https:\/\/www.rosarioalerta.com.ar\/site\/wp-json\/wp\/v2\/tags?post=30954"}],"curies":[{"name":"wp","href":"https:\/\/api.w.org\/{rel}","templated":true}]}}