{"id":30946,"date":"2026-02-18T08:56:13","date_gmt":"2026-02-18T11:56:13","guid":{"rendered":"https:\/\/www.rosarioalerta.com.ar\/site\/?p=30946"},"modified":"2026-02-18T08:56:14","modified_gmt":"2026-02-18T11:56:14","slug":"protesta-de-gendarmeria-en-rosario","status":"publish","type":"post","link":"https:\/\/www.rosarioalerta.com.ar\/site\/archivos\/30946","title":{"rendered":"Protesta de Gendarmer\u00eda en Rosario"},"content":{"rendered":"\n<p>Reclaman salarios por encima de la canasta b\u00e1sica, obra social y salud mental<\/p>\n\n\n\n<p>Efectivos y familiares se movilizaron frente a la sede local para exponer lo que definen como una situaci\u00f3n cr\u00edtica. Un grupo de gendarmes y sus familias se manifest\u00f3 este martes por la noche en la esquina de <strong>San Mart\u00edn y Rueda<\/strong>, en Rosario, frente a la sede de <strong>Gendarmer\u00eda Nacional Argentina<\/strong>. Reclaman mejoras salariales, soluciones en la obra social y mayor asistencia en salud mental. La protesta se realiz\u00f3 de forma pac\u00edfica y continuar\u00e1 este mi\u00e9rcoles en distintos turnos.<\/p>\n\n\n\n<p>La concentraci\u00f3n comenz\u00f3 durante la tarde con carteles y consignas dirigidas a las autoridades nacionales. Los manifestantes se ubicaron sobre la vereda, sin interrumpir totalmente el tr\u00e1nsito, y expusieron p\u00fablicamente sus reclamos.<\/p>\n\n\n\n<p>Entre los puntos centrales <strong>se\u00f1alaron que hay efectivos con m\u00e1s de 10 a\u00f1os de servicio que perciben alrededor de 850.000 pesos mensuales<\/strong>, cifra que \u2014afirman\u2014 se encuentra <strong>por debajo de la canasta b\u00e1sica<\/strong>.<\/p>\n\n\n\n<p><strong>La situaci\u00f3n salarial y sanitaria<\/strong><\/p>\n\n\n\n<p>Los participantes remarcaron adem\u00e1s \u201c<strong>graves problemas<\/strong>\u201d con la <strong>cobertura de la obra social<\/strong>. Seg\u00fan expresaron, existen demoras en autorizaciones y dificultades para acceder a prestaciones m\u00e9dicas.<\/p>\n\n\n\n<p>Otro de los ejes fue la <strong>falta de contenci\u00f3n en salud mental<\/strong>. Sostienen que el desgaste laboral y la presi\u00f3n del servicio impactan en la vida familiar y psicol\u00f3gica del personal.<\/p>\n\n\n\n<p>Durante la protesta, voceros del grupo indicaron que el deterioro de las condiciones laborales \u201cafecta directamente a las familias\u201d y pidieron respuestas concretas. Tambi\u00e9n confirmaron que las medidas continuar\u00e1n este mi\u00e9rcoles con una nueva concentraci\u00f3n en <strong>Oro\u00f1o y 3 de Febrero<\/strong>.<\/p>\n\n\n\n<figure class=\"wp-block-embed is-type-rich is-provider-twitter wp-block-embed-twitter\"><div class=\"wp-block-embed__wrapper\">\n<div class=\"newspaper-x-video-container\"><blockquote class=\"twitter-tweet\" data-width=\"550\" data-dnt=\"true\"><p lang=\"es\" dir=\"ltr\">La fatal arrogancia de Pullaro debe terminar.<br>No se puede especular con los recursos de los santafesinos.<br><br>Mientras sostiene una estructura estatal sobredimensionada y $122 millones diarios en pauta,<br>apost\u00f3 a que a la Argentina le fuera mal:<br>tom\u00f3 deuda en d\u00f3lares, se comprometi\u00f3\u2026<\/p>&mdash; Romina Diez (@romidiezok) <a href=\"https:\/\/twitter.com\/romidiezok\/status\/2021290283074253058?ref_src=twsrc%5Etfw\">February 10, 2026<\/a><\/blockquote><script async src=\"https:\/\/platform.twitter.com\/widgets.js\" charset=\"utf-8\"><\/script><\/div>\n<\/div><\/figure>\n\n\n\n<p>El reclamo se da en un escenario de discusi\u00f3n salarial en distintas fuerzas federales. Hasta el momento no hubo un comunicado oficial sobre la protesta en <strong>Rosario<\/strong> y <strong>Romina Diez<\/strong>, tampoco se manifest\u00f3 en las redes sociales como cuando fue el conflicto con la polic\u00eda de Santa Fe. S\u00ed se la ve ocupada en aprobar la nueva ley laboral, que lo \u00fanico que hace es perjudicar al trabajador<\/p>\n\n\n\n<p>Otras <strong>diputadas<\/strong> provinciales, que salieron a despotricar y mostrar recibos de sueldos de la polic\u00eda de Santa Fe, tampoco se las vio activa en este reclamo y siguen mirando hacia el costado. Mientras cobran sueldos alt\u00edsimos y colocan a familiares como asesores, con remuneraciones exultantes<\/p>\n\n\n\n<p>&nbsp;El conflicto permanece abierto, a la espera de definiciones y no se descarta que el resto de las fuerzas nacionales se unan en el reclamo<\/p>\n<div class=\"newspaper-x-tags\"><strong>TAGS: <\/strong><span><a href=\"https:\/\/www.rosarioalerta.com.ar\/site\/archivos\/tag\/gendarmeria-nacional-2\" rel=\"tag\">Gendarmer\u00eda Nacional<\/a><\/span><a href=\"https:\/\/www.rosarioalerta.com.ar\/site\/archivos\/tag\/noticias-de-rosario\" rel=\"tag\">Noticias de Rosario<\/a><\/span><a href=\"https:\/\/www.rosarioalerta.com.ar\/site\/archivos\/tag\/rosario\" rel=\"tag\">Rosario<\/a><\/span><a href=\"https:\/\/www.rosarioalerta.com.ar\/site\/archivos\/tag\/santa-fe\" rel=\"tag\">Santa Fe<\/a> <\/div>","protected":false},"excerpt":{"rendered":"<p>Reclaman salarios por encima de la canasta b\u00e1sica, obra social y salud mental Efectivos y familiares se movilizaron frente a la sede local para exponer lo que definen como una situaci\u00f3n cr\u00edtica. Un grupo de gendarmes y sus familias se manifest\u00f3 este martes por la noche en la esquina de San Mart\u00edn y Rueda, en [&hellip;]<\/p>\n","protected":false},"author":2,"featured_media":30947,"comment_status":"open","ping_status":"open","sticky":false,"template":"","format":"standard","meta":{"_joinchat":[],"footnotes":""},"categories":[18,21],"tags":[375,95,55,65],"class_list":["post-30946","post","type-post","status-publish","format-standard","has-post-thumbnail","hentry","category-institucional","category-noticias","tag-gendarmeria-nacional-2","tag-noticias-de-rosario","tag-rosario","tag-santa-fe"],"_links":{"self":[{"href":"https:\/\/www.rosarioalerta.com.ar\/site\/wp-json\/wp\/v2\/posts\/30946","targetHints":{"allow":["GET"]}}],"collection":[{"href":"https:\/\/www.rosarioalerta.com.ar\/site\/wp-json\/wp\/v2\/posts"}],"about":[{"href":"https:\/\/www.rosarioalerta.com.ar\/site\/wp-json\/wp\/v2\/types\/post"}],"author":[{"embeddable":true,"href":"https:\/\/www.rosarioalerta.com.ar\/site\/wp-json\/wp\/v2\/users\/2"}],"replies":[{"embeddable":true,"href":"https:\/\/www.rosarioalerta.com.ar\/site\/wp-json\/wp\/v2\/comments?post=30946"}],"version-history":[{"count":1,"href":"https:\/\/www.rosarioalerta.com.ar\/site\/wp-json\/wp\/v2\/posts\/30946\/revisions"}],"predecessor-version":[{"id":30948,"href":"https:\/\/www.rosarioalerta.com.ar\/site\/wp-json\/wp\/v2\/posts\/30946\/revisions\/30948"}],"wp:featuredmedia":[{"embeddable":true,"href":"https:\/\/www.rosarioalerta.com.ar\/site\/wp-json\/wp\/v2\/media\/30947"}],"wp:attachment":[{"href":"https:\/\/www.rosarioalerta.com.ar\/site\/wp-json\/wp\/v2\/media?parent=30946"}],"wp:term":[{"taxonomy":"category","embeddable":true,"href":"https:\/\/www.rosarioalerta.com.ar\/site\/wp-json\/wp\/v2\/categories?post=30946"},{"taxonomy":"post_tag","embeddable":true,"href":"https:\/\/www.rosarioalerta.com.ar\/site\/wp-json\/wp\/v2\/tags?post=30946"}],"curies":[{"name":"wp","href":"https:\/\/api.w.org\/{rel}","templated":true}]}}