{"id":30943,"date":"2026-02-18T08:49:38","date_gmt":"2026-02-18T11:49:38","guid":{"rendered":"https:\/\/www.rosarioalerta.com.ar\/site\/?p=30943"},"modified":"2026-02-18T08:49:40","modified_gmt":"2026-02-18T11:49:40","slug":"siniestro-fatal-en-circunvalacion","status":"publish","type":"post","link":"https:\/\/www.rosarioalerta.com.ar\/site\/archivos\/30943","title":{"rendered":"Siniestro fatal en Circunvalaci\u00f3n"},"content":{"rendered":"\n<p>Un motociclista muri\u00f3 tras ser embestido por un cami\u00f3n<\/p>\n\n\n\n<p>Un hombre de 36 a\u00f1os muri\u00f3 ayer, minutos antes de la medianoche en un siniestro vial ocurrido sobre <strong>Av Circunvalaci\u00f3n, a la altura de Avellaneda<\/strong>, mano <strong>sur-norte<\/strong>, en <strong>Rosario<\/strong>. La v\u00edctima circulaba en una <strong>Honda Wave<\/strong> cuando, seg\u00fan testigos, fue embestido por un cami\u00f3n que se retir\u00f3 del lugar. Intervino la <strong>Polic\u00eda de Acci\u00f3n T\u00e1ctica<\/strong> y personal m\u00e9dico del <strong>SIES<\/strong>.<\/p>\n\n\n\n<p>Al llegar los agentes entrevistaron a personal del corredor vial N\u00b0 8, quien se\u00f1al\u00f3 a un hombre tendido sobre la cinta asf\u00e1ltica. A pocos metros se encontraba el motoveh\u00edculo negro con da\u00f1os visibles. De inmediato solicitaron la presencia del <strong>SIES<\/strong>, pero fue en vano, tras arribar constataron el deceso<\/p>\n\n\n\n<p>La v\u00edctima fue identificada como <strong>Juan Jos\u00e9 C de 36 a\u00f1os<\/strong>. En el lugar trabaj\u00f3 personal de la <strong>Polic\u00eda de Acci\u00f3n T\u00e1ctica<\/strong> y el <strong>Gabinete de Accidentolog\u00eda de la PDI <\/strong>para las pericias correspondientes.<\/p>\n\n\n\n<p>Una testigo, declar\u00f3 que circulaba por <strong>Circunvalaci\u00f3n<\/strong> junto a su esposo cuando observ\u00f3 personas detenidas y al motociclista sobre el asfalto. Seg\u00fan le manifest\u00f3 un hombre en el lugar, el conductor habr\u00eda sido embestido por un cami\u00f3n que luego se retir\u00f3.<\/p>\n\n\n\n<p>El procedimiento fue trasladado a la <strong>Comisar\u00eda 32\u00ba<\/strong> por razones de jurisdicci\u00f3n.<\/p>\n<div class=\"newspaper-x-tags\"><strong>TAGS: <\/strong><span><a href=\"https:\/\/www.rosarioalerta.com.ar\/site\/archivos\/tag\/noticias-de-rosario\" rel=\"tag\">Noticias de Rosario<\/a><\/span><a href=\"https:\/\/www.rosarioalerta.com.ar\/site\/archivos\/tag\/rosario\" rel=\"tag\">Rosario<\/a><\/span><a href=\"https:\/\/www.rosarioalerta.com.ar\/site\/archivos\/tag\/santa-fe\" rel=\"tag\">Santa Fe<\/a> <\/div>","protected":false},"excerpt":{"rendered":"<p>Un motociclista muri\u00f3 tras ser embestido por un cami\u00f3n Un hombre de 36 a\u00f1os muri\u00f3 ayer, minutos antes de la medianoche en un siniestro vial ocurrido sobre Av Circunvalaci\u00f3n, a la altura de Avellaneda, mano sur-norte, en Rosario. La v\u00edctima circulaba en una Honda Wave cuando, seg\u00fan testigos, fue embestido por un cami\u00f3n que se [&hellip;]<\/p>\n","protected":false},"author":2,"featured_media":30944,"comment_status":"open","ping_status":"open","sticky":false,"template":"","format":"standard","meta":{"_joinchat":[],"footnotes":""},"categories":[21,14,10],"tags":[95,55,65],"class_list":["post-30943","post","type-post","status-publish","format-standard","has-post-thumbnail","hentry","category-noticias","category-policiales","category-siniestros-viales","tag-noticias-de-rosario","tag-rosario","tag-santa-fe"],"_links":{"self":[{"href":"https:\/\/www.rosarioalerta.com.ar\/site\/wp-json\/wp\/v2\/posts\/30943","targetHints":{"allow":["GET"]}}],"collection":[{"href":"https:\/\/www.rosarioalerta.com.ar\/site\/wp-json\/wp\/v2\/posts"}],"about":[{"href":"https:\/\/www.rosarioalerta.com.ar\/site\/wp-json\/wp\/v2\/types\/post"}],"author":[{"embeddable":true,"href":"https:\/\/www.rosarioalerta.com.ar\/site\/wp-json\/wp\/v2\/users\/2"}],"replies":[{"embeddable":true,"href":"https:\/\/www.rosarioalerta.com.ar\/site\/wp-json\/wp\/v2\/comments?post=30943"}],"version-history":[{"count":1,"href":"https:\/\/www.rosarioalerta.com.ar\/site\/wp-json\/wp\/v2\/posts\/30943\/revisions"}],"predecessor-version":[{"id":30945,"href":"https:\/\/www.rosarioalerta.com.ar\/site\/wp-json\/wp\/v2\/posts\/30943\/revisions\/30945"}],"wp:featuredmedia":[{"embeddable":true,"href":"https:\/\/www.rosarioalerta.com.ar\/site\/wp-json\/wp\/v2\/media\/30944"}],"wp:attachment":[{"href":"https:\/\/www.rosarioalerta.com.ar\/site\/wp-json\/wp\/v2\/media?parent=30943"}],"wp:term":[{"taxonomy":"category","embeddable":true,"href":"https:\/\/www.rosarioalerta.com.ar\/site\/wp-json\/wp\/v2\/categories?post=30943"},{"taxonomy":"post_tag","embeddable":true,"href":"https:\/\/www.rosarioalerta.com.ar\/site\/wp-json\/wp\/v2\/tags?post=30943"}],"curies":[{"name":"wp","href":"https:\/\/api.w.org\/{rel}","templated":true}]}}