{"id":30567,"date":"2026-01-27T19:47:25","date_gmt":"2026-01-27T22:47:25","guid":{"rendered":"https:\/\/www.rosarioalerta.com.ar\/site\/?p=30567"},"modified":"2026-01-27T19:47:30","modified_gmt":"2026-01-27T22:47:30","slug":"violento-robo-comando-en-rosario","status":"publish","type":"post","link":"https:\/\/www.rosarioalerta.com.ar\/site\/archivos\/30567","title":{"rendered":"Violento robo comando en Rosario"},"content":{"rendered":"\n<p>Buscan identificar a dos sospechosos<\/p>\n\n\n\n<p>El hecho ocurri\u00f3 en horas de la ma\u00f1ana de este martes en una poller\u00eda de San Juan al 5200, alrededor de las 8 de la ma\u00f1ana. Seg\u00fan informaci\u00f3n oficial, cuatro hombres armados llegaron al lugar en un <strong>Toyota Corolla<\/strong> <strong>Cross<\/strong> y redujeron a <strong>nueve empleados mediante amenazas<\/strong>, para luego concretar el asalto.<\/p>\n\n\n\n<p>Tras el hecho inicial, los atacantes se dirigieron a una vivienda vinculada a los due\u00f1os del comercio, donde tambi\u00e9n perpetraron un robo. La Fiscal\u00eda solicita datos para identificar a dos de los sospechosos captados en im\u00e1genes de seguridad.<\/p>\n\n\n\n<p>De acuerdo a la investigaci\u00f3n, los delincuentes arribaron al comercio en un veh\u00edculo <strong>Toyota Corolla Cross<\/strong>, dominio <strong>AG097VS<\/strong>. All\u00ed intimidaron a los empleados, a quienes les sustrajeron sus celulares.<\/p>\n\n\n\n<p>Luego, los agresores obligaron a uno de los hijos de los propietarios a entregar la llave de su vivienda. Minutos despu\u00e9s, se trasladaron al domicilio ubicado en calle <strong>Matienzo al 1100<\/strong>, donde redujeron a los moradores y robaron dinero en efectivo y efectos personales.<\/p>\n\n\n\n<p>El caso es investigado por el <strong>Ministerio P\u00fablico de la Acusaci\u00f3n<\/strong>, que difundi\u00f3 im\u00e1genes de dos de los cuatro autores, quienes a\u00fan no fueron identificados. El objetivo es avanzar en su individualizaci\u00f3n y determinar el paradero del veh\u00edculo utilizado.<\/p>\n\n\n\n<p>Las actuaciones contin\u00faan bajo estricta reserva y con an\u00e1lisis de c\u00e1maras de seguridad p\u00fablicas y privadas de la zona.<\/p>\n\n\n\n<p>Desde la Fiscal\u00eda indicaron que \u201ctoda informaci\u00f3n aportada por la ciudadan\u00eda puede resultar clave para el avance de la causa\u201d, y remarcaron la importancia de la colaboraci\u00f3n para esclarecer el hecho.<\/p>\n\n\n\n<p>Hasta el momento, no hay detenidos. La investigaci\u00f3n sigue en curso y se mantienen abiertas todas las l\u00edneas de an\u00e1lisis.<\/p>\n\n\n\n<p>Para colaborar con informaci\u00f3n pueden realizarlo comunic\u00e1ndose a la Central de Emergencias del 911, mediante el correo electr\u00f3nico <a href=\"mailto:acaron@mpa.santafe.gov.ar\">acaron@mpa.santafe.gov.ar<\/a> o personalmente en Sarmiento al 2800 (CJP)<\/p>\n<div class=\"newspaper-x-tags\"><strong>TAGS: <\/strong><span><a href=\"https:\/\/www.rosarioalerta.com.ar\/site\/archivos\/tag\/noticias-de-rosario\" rel=\"tag\">Noticias de Rosario<\/a><\/span><a href=\"https:\/\/www.rosarioalerta.com.ar\/site\/archivos\/tag\/rosario\" rel=\"tag\">Rosario<\/a><\/span><a href=\"https:\/\/www.rosarioalerta.com.ar\/site\/archivos\/tag\/santa-fe\" rel=\"tag\">Santa Fe<\/a> <\/div>","protected":false},"excerpt":{"rendered":"<p>Buscan identificar a dos sospechosos El hecho ocurri\u00f3 en horas de la ma\u00f1ana de este martes en una poller\u00eda de San Juan al 5200, alrededor de las 8 de la ma\u00f1ana. Seg\u00fan informaci\u00f3n oficial, cuatro hombres armados llegaron al lugar en un Toyota Corolla Cross y redujeron a nueve empleados mediante amenazas, para luego concretar [&hellip;]<\/p>\n","protected":false},"author":2,"featured_media":30568,"comment_status":"open","ping_status":"open","sticky":false,"template":"","format":"standard","meta":{"_joinchat":[],"footnotes":""},"categories":[18,21,14,2],"tags":[95,55,65],"class_list":["post-30567","post","type-post","status-publish","format-standard","has-post-thumbnail","hentry","category-institucional","category-noticias","category-policiales","category-robos","tag-noticias-de-rosario","tag-rosario","tag-santa-fe"],"_links":{"self":[{"href":"https:\/\/www.rosarioalerta.com.ar\/site\/wp-json\/wp\/v2\/posts\/30567","targetHints":{"allow":["GET"]}}],"collection":[{"href":"https:\/\/www.rosarioalerta.com.ar\/site\/wp-json\/wp\/v2\/posts"}],"about":[{"href":"https:\/\/www.rosarioalerta.com.ar\/site\/wp-json\/wp\/v2\/types\/post"}],"author":[{"embeddable":true,"href":"https:\/\/www.rosarioalerta.com.ar\/site\/wp-json\/wp\/v2\/users\/2"}],"replies":[{"embeddable":true,"href":"https:\/\/www.rosarioalerta.com.ar\/site\/wp-json\/wp\/v2\/comments?post=30567"}],"version-history":[{"count":1,"href":"https:\/\/www.rosarioalerta.com.ar\/site\/wp-json\/wp\/v2\/posts\/30567\/revisions"}],"predecessor-version":[{"id":30569,"href":"https:\/\/www.rosarioalerta.com.ar\/site\/wp-json\/wp\/v2\/posts\/30567\/revisions\/30569"}],"wp:featuredmedia":[{"embeddable":true,"href":"https:\/\/www.rosarioalerta.com.ar\/site\/wp-json\/wp\/v2\/media\/30568"}],"wp:attachment":[{"href":"https:\/\/www.rosarioalerta.com.ar\/site\/wp-json\/wp\/v2\/media?parent=30567"}],"wp:term":[{"taxonomy":"category","embeddable":true,"href":"https:\/\/www.rosarioalerta.com.ar\/site\/wp-json\/wp\/v2\/categories?post=30567"},{"taxonomy":"post_tag","embeddable":true,"href":"https:\/\/www.rosarioalerta.com.ar\/site\/wp-json\/wp\/v2\/tags?post=30567"}],"curies":[{"name":"wp","href":"https:\/\/api.w.org\/{rel}","templated":true}]}}