{"id":30550,"date":"2026-01-26T18:32:54","date_gmt":"2026-01-26T21:32:54","guid":{"rendered":"https:\/\/www.rosarioalerta.com.ar\/site\/?p=30550"},"modified":"2026-01-26T18:32:55","modified_gmt":"2026-01-26T21:32:55","slug":"quedo-presa-mayra-gomez-por-organizar-una-balacera","status":"publish","type":"post","link":"https:\/\/www.rosarioalerta.com.ar\/site\/archivos\/30550","title":{"rendered":"Qued\u00f3 presa Mayra G\u00f3mez por organizar una balacera"},"content":{"rendered":"\n<p>Fue imputada por el autoatentado en el cual qued\u00f3 detenida&nbsp; Norma Acosta<\/p>\n\n\n\n<p>La Justicia dict\u00f3 prisi\u00f3n preventiva para la mujer acusada de colaborar en el ataque denunciado por la activista. La causa investiga una maniobra de falsa bandera. La Justicia de Rosario orden\u00f3 la prisi\u00f3n preventiva por el plazo de ley para <strong>Mayra Daiana G\u00f3mez<\/strong>, acusada de colaborar en la organizaci\u00f3n del ataque a balazos contra la vivienda de <strong>Norma Acosta<\/strong>, ocurrido el <strong>7 de mayo de 2025<\/strong> en pasaje <strong>Largu\u00eda al 3400<\/strong>. La medida fue resuelta por el juez <strong>Pablo Pinto<\/strong>, a pedido del fiscal <strong>Pablo Socca<\/strong>, quien investiga el hecho como un autoatentado.<\/p>\n\n\n\n<p><strong>G\u00f3mez<\/strong> se hab\u00eda presentado voluntariamente la semana pasada en la <strong>Unidad Especial de Asuntos Internos<\/strong>, luego de que su domicilio fuera allanado. Est\u00e1 imputada como part\u00edcipe primaria de intimidaci\u00f3n p\u00fablica agravada.<\/p>\n\n\n\n<p>El episodio se registr\u00f3 por la ma\u00f1ana, cuando la vivienda de <strong>Acosta<\/strong> fue baleada. En un primer momento, el hecho fue denunciado como un ataque externo, pero la investigaci\u00f3n avanz\u00f3 sobre la hip\u00f3tesis de una maniobra planificada por la propia denunciante.<\/p>\n\n\n\n<p>Seg\u00fan la causa, el objetivo era instalar p\u00fablicamente la sospecha de una represalia policial, en un contexto de alta exposici\u00f3n medi\u00e1tica.<\/p>\n\n\n\n<p>El fiscal <strong>Socca<\/strong> sostuvo que <strong>Acosta<\/strong> utiliz\u00f3 contactos de <strong>G\u00f3mez<\/strong> para conseguir a los ejecutores del ataque. La evidencia clave surgi\u00f3 del an\u00e1lisis del tel\u00e9fono celular de <strong>Acosta<\/strong>, donde se detectaron mensajes y videollamadas con <strong>G\u00f3mez<\/strong> en las 48 horas previas a la balacera.<\/p>\n\n\n\n<p>Las comunicaciones muestran coordinaciones horarias y referencias a la disponibilidad de \u201c<strong>mano de obra<\/strong>\u201d para ejecutar el ataque.<\/p>\n\n\n\n<p>Los autores materiales fueron detenidos el mismo d\u00eda. Se trata de un <strong>adolescente de 17 a\u00f1os, identificado como Ignacio N., y de Nicol\u00e1s Robles, de 18. <\/strong>Ambos actuaron, seg\u00fan la acusaci\u00f3n, por encargo de <strong>Nahuel Depetris, <\/strong>detenido e imputado como coautor.<\/p>\n\n\n\n<p><strong>G\u00f3mez<\/strong> es pareja de <strong>Emiliano \u201cJija\u201d Avejera<\/strong>, <strong>ex jefe de la barra de Newell\u2019s,<\/strong> actualmente <strong>condenado<\/strong> a <strong>prisi\u00f3n perpetua por homicidios<\/strong> cometidos en el marco de disputas criminales.<\/p>\n\n\n\n<p>La Justicia dict\u00f3 prisi\u00f3n preventiva para <strong>G\u00f3mez<\/strong> por al menos dos a\u00f1os, hasta una eventual elevaci\u00f3n a juicio. La causa contin\u00faa en etapa investigativa y no se descartan nuevas imputaciones.<\/p>\n<div class=\"newspaper-x-tags\"><strong>TAGS: <\/strong><span><a href=\"https:\/\/www.rosarioalerta.com.ar\/site\/archivos\/tag\/emiliano-jija-avejera\" rel=\"tag\">Emiliano \u201cJija\u201d Avejera<\/a><\/span><a href=\"https:\/\/www.rosarioalerta.com.ar\/site\/archivos\/tag\/mayra-daiana-gomez\" rel=\"tag\">Mayra Daiana G\u00f3mez<\/a><\/span><a href=\"https:\/\/www.rosarioalerta.com.ar\/site\/archivos\/tag\/norma-acosta\" rel=\"tag\">Norma Acosta<\/a><\/span><a href=\"https:\/\/www.rosarioalerta.com.ar\/site\/archivos\/tag\/noticias-de-rosario\" rel=\"tag\">Noticias de Rosario<\/a><\/span><a href=\"https:\/\/www.rosarioalerta.com.ar\/site\/archivos\/tag\/rosario\" rel=\"tag\">Rosario<\/a><\/span><a href=\"https:\/\/www.rosarioalerta.com.ar\/site\/archivos\/tag\/santa-fe\" rel=\"tag\">Santa Fe<\/a> <\/div>","protected":false},"excerpt":{"rendered":"<p>Fue imputada por el autoatentado en el cual qued\u00f3 detenida&nbsp; Norma Acosta La Justicia dict\u00f3 prisi\u00f3n preventiva para la mujer acusada de colaborar en el ataque denunciado por la activista. La causa investiga una maniobra de falsa bandera. La Justicia de Rosario orden\u00f3 la prisi\u00f3n preventiva por el plazo de ley para Mayra Daiana G\u00f3mez, [&hellip;]<\/p>\n","protected":false},"author":2,"featured_media":30552,"comment_status":"open","ping_status":"open","sticky":false,"template":"","format":"standard","meta":{"_joinchat":[],"footnotes":""},"categories":[15,11,13,21,14],"tags":[1942,1950,1464,95,55,65],"class_list":["post-30550","post","type-post","status-publish","format-standard","has-post-thumbnail","hentry","category-balaceras","category-detenidos","category-judiciales","category-noticias","category-policiales","tag-emiliano-jija-avejera","tag-mayra-daiana-gomez","tag-norma-acosta","tag-noticias-de-rosario","tag-rosario","tag-santa-fe"],"_links":{"self":[{"href":"https:\/\/www.rosarioalerta.com.ar\/site\/wp-json\/wp\/v2\/posts\/30550","targetHints":{"allow":["GET"]}}],"collection":[{"href":"https:\/\/www.rosarioalerta.com.ar\/site\/wp-json\/wp\/v2\/posts"}],"about":[{"href":"https:\/\/www.rosarioalerta.com.ar\/site\/wp-json\/wp\/v2\/types\/post"}],"author":[{"embeddable":true,"href":"https:\/\/www.rosarioalerta.com.ar\/site\/wp-json\/wp\/v2\/users\/2"}],"replies":[{"embeddable":true,"href":"https:\/\/www.rosarioalerta.com.ar\/site\/wp-json\/wp\/v2\/comments?post=30550"}],"version-history":[{"count":1,"href":"https:\/\/www.rosarioalerta.com.ar\/site\/wp-json\/wp\/v2\/posts\/30550\/revisions"}],"predecessor-version":[{"id":30553,"href":"https:\/\/www.rosarioalerta.com.ar\/site\/wp-json\/wp\/v2\/posts\/30550\/revisions\/30553"}],"wp:featuredmedia":[{"embeddable":true,"href":"https:\/\/www.rosarioalerta.com.ar\/site\/wp-json\/wp\/v2\/media\/30552"}],"wp:attachment":[{"href":"https:\/\/www.rosarioalerta.com.ar\/site\/wp-json\/wp\/v2\/media?parent=30550"}],"wp:term":[{"taxonomy":"category","embeddable":true,"href":"https:\/\/www.rosarioalerta.com.ar\/site\/wp-json\/wp\/v2\/categories?post=30550"},{"taxonomy":"post_tag","embeddable":true,"href":"https:\/\/www.rosarioalerta.com.ar\/site\/wp-json\/wp\/v2\/tags?post=30550"}],"curies":[{"name":"wp","href":"https:\/\/api.w.org\/{rel}","templated":true}]}}