{"id":30544,"date":"2026-01-26T18:15:53","date_gmt":"2026-01-26T21:15:53","guid":{"rendered":"https:\/\/www.rosarioalerta.com.ar\/site\/?p=30544"},"modified":"2026-01-26T18:16:03","modified_gmt":"2026-01-26T21:16:03","slug":"pullaro-impulsa-la-reforma-del-regimen-penal-juvenil","status":"publish","type":"post","link":"https:\/\/www.rosarioalerta.com.ar\/site\/archivos\/30544","title":{"rendered":"Pullaro impulsa la reforma del r\u00e9gimen penal juvenil"},"content":{"rendered":"\n<p>El gobernador respald\u00f3 el debate en el Congreso y cuestion\u00f3 el garantismo en delitos graves cometidos por menores<\/p>\n\n\n\n<p>El gobernador de Santa Fe, Maximiliano Pullaro, se pronunci\u00f3 a favor de una reforma del r\u00e9gimen penal juvenil luego del asesinato de <strong>Jerem\u00edas Monz\u00f3n,<\/strong> ocurrido en la ciudad de <strong>Santa Fe<\/strong> y cometido por menores de edad. El mandatario respald\u00f3 la decisi\u00f3n del Gobierno nacional de incluir el tema en las sesiones extraordinarias del Congreso y reclam\u00f3 penas acordes a la gravedad del delito.<\/p>\n\n\n\n<p><strong>Pullaro<\/strong> sostuvo que el debate debe centrarse en el tipo de crimen cometido, m\u00e1s all\u00e1 de la edad del autor. \u201cUn delito de mayor tiene que ser juzgado con una pena de mayor\u201d, afirm\u00f3 al ser consultado sobre el caso.<\/p>\n\n\n\n<p>El gobernador se refiri\u00f3 al tema durante declaraciones p\u00fablicas, en el marco del impacto social que gener\u00f3 el homicidio del adolescente. All\u00ed insisti\u00f3 en revisar el esquema de imputabilidad penal para delitos graves y reiter\u00f3 una postura que mantiene desde su paso por el Ministerio de Seguridad.<\/p>\n\n\n\n<p>Seg\u00fan explic\u00f3, la actual normativa no responde a las din\u00e1micas delictivas actuales ni a la complejidad de los hechos de violencia extrema.<\/p>\n\n\n\n<p><strong>Pullaro<\/strong> record\u00f3 antecedentes que influyeron en su posici\u00f3n, como el homicidio de <strong>Juan Cruz Ib\u00e1\u00f1ez<\/strong>, cometido por un menor cuando \u00e9l era ministro. \u201cDesde ese momento comenc\u00e9 a pedir la baja de la edad de imputabilidad\u201d, se\u00f1al\u00f3.<\/p>\n\n\n\n<p>Aclar\u00f3 que no se trata solo de edad, sino de responsabilidad penal frente a delitos como el homicidio. \u201cNo es real sostener que una persona de 14 a\u00f1os no comprende la gravedad de sus actos cuando mata\u201d, afirm\u00f3.<\/p>\n\n\n\n<p>El mandatario cuestion\u00f3 el enfoque garantista en pol\u00edticas penales. <strong><em>\u201cEl garantismo es una ideolog\u00eda defendida por el kirchnerismo que le hizo mucho da\u00f1o al pa\u00eds\u201d,<\/em><\/strong> expres\u00f3. Tambi\u00e9n sostuvo que esa mirada favoreci\u00f3 la impunidad y debilit\u00f3 la respuesta del Estado.<\/p>\n\n\n\n<p><strong>Pullaro<\/strong> advirti\u00f3 sobre el accionar de organizaciones criminales que utilizan menores para cometer delitos. \u201cHay estructuras que se cubren haciendo que los delitos los cometan chicos\u201d, explic\u00f3.<\/p>\n\n\n\n<p>La causa por el crimen de <strong>Jerem\u00edas Monz\u00f3n<\/strong> contin\u00faa bajo investigaci\u00f3n judicial. En paralelo, el debate por la reforma del r\u00e9gimen penal juvenil avanza en la agenda legislativa nacional, con el respaldo expl\u00edcito del gobierno santafesino.<\/p>\n<div class=\"newspaper-x-tags\"><strong>TAGS: <\/strong><span><a href=\"https:\/\/www.rosarioalerta.com.ar\/site\/archivos\/tag\/maximiliano-pullaro\" rel=\"tag\">Maximiliano Pullaro<\/a><\/span><a href=\"https:\/\/www.rosarioalerta.com.ar\/site\/archivos\/tag\/noticias-de-rosario\" rel=\"tag\">Noticias de Rosario<\/a><\/span><a href=\"https:\/\/www.rosarioalerta.com.ar\/site\/archivos\/tag\/pullaro\" rel=\"tag\">Pullaro<\/a><\/span><a href=\"https:\/\/www.rosarioalerta.com.ar\/site\/archivos\/tag\/rosario\" rel=\"tag\">Rosario<\/a><\/span><a href=\"https:\/\/www.rosarioalerta.com.ar\/site\/archivos\/tag\/santa-fe\" rel=\"tag\">Santa Fe<\/a> <\/div>","protected":false},"excerpt":{"rendered":"<p>El gobernador respald\u00f3 el debate en el Congreso y cuestion\u00f3 el garantismo en delitos graves cometidos por menores El gobernador de Santa Fe, Maximiliano Pullaro, se pronunci\u00f3 a favor de una reforma del r\u00e9gimen penal juvenil luego del asesinato de Jerem\u00edas Monz\u00f3n, ocurrido en la ciudad de Santa Fe y cometido por menores de edad. [&hellip;]<\/p>\n","protected":false},"author":2,"featured_media":30545,"comment_status":"open","ping_status":"open","sticky":false,"template":"","format":"standard","meta":{"_joinchat":[],"footnotes":""},"categories":[18,13,21,14],"tags":[1094,95,23,55,65],"class_list":["post-30544","post","type-post","status-publish","format-standard","has-post-thumbnail","hentry","category-institucional","category-judiciales","category-noticias","category-policiales","tag-maximiliano-pullaro","tag-noticias-de-rosario","tag-pullaro","tag-rosario","tag-santa-fe"],"_links":{"self":[{"href":"https:\/\/www.rosarioalerta.com.ar\/site\/wp-json\/wp\/v2\/posts\/30544","targetHints":{"allow":["GET"]}}],"collection":[{"href":"https:\/\/www.rosarioalerta.com.ar\/site\/wp-json\/wp\/v2\/posts"}],"about":[{"href":"https:\/\/www.rosarioalerta.com.ar\/site\/wp-json\/wp\/v2\/types\/post"}],"author":[{"embeddable":true,"href":"https:\/\/www.rosarioalerta.com.ar\/site\/wp-json\/wp\/v2\/users\/2"}],"replies":[{"embeddable":true,"href":"https:\/\/www.rosarioalerta.com.ar\/site\/wp-json\/wp\/v2\/comments?post=30544"}],"version-history":[{"count":1,"href":"https:\/\/www.rosarioalerta.com.ar\/site\/wp-json\/wp\/v2\/posts\/30544\/revisions"}],"predecessor-version":[{"id":30546,"href":"https:\/\/www.rosarioalerta.com.ar\/site\/wp-json\/wp\/v2\/posts\/30544\/revisions\/30546"}],"wp:featuredmedia":[{"embeddable":true,"href":"https:\/\/www.rosarioalerta.com.ar\/site\/wp-json\/wp\/v2\/media\/30545"}],"wp:attachment":[{"href":"https:\/\/www.rosarioalerta.com.ar\/site\/wp-json\/wp\/v2\/media?parent=30544"}],"wp:term":[{"taxonomy":"category","embeddable":true,"href":"https:\/\/www.rosarioalerta.com.ar\/site\/wp-json\/wp\/v2\/categories?post=30544"},{"taxonomy":"post_tag","embeddable":true,"href":"https:\/\/www.rosarioalerta.com.ar\/site\/wp-json\/wp\/v2\/tags?post=30544"}],"curies":[{"name":"wp","href":"https:\/\/api.w.org\/{rel}","templated":true}]}}