{"id":30536,"date":"2026-01-26T10:14:08","date_gmt":"2026-01-26T13:14:08","guid":{"rendered":"https:\/\/www.rosarioalerta.com.ar\/site\/?p=30536"},"modified":"2026-01-26T10:14:32","modified_gmt":"2026-01-26T13:14:32","slug":"comenzo-el-juicio-por-el-crimen-en-barrio-alvear","status":"publish","type":"post","link":"https:\/\/www.rosarioalerta.com.ar\/site\/archivos\/30536","title":{"rendered":"Comenz\u00f3 el juicio por el crimen en barrio Alvear"},"content":{"rendered":"\n<p>Piden prisi\u00f3n perpetua tras arrojarle grasa hirviendo y provocarle la muerte<\/p>\n\n\n\n<p>El debate comenz\u00f3 en Rosario por la muerte de un trabajador atacado mientras dorm\u00eda en una panader\u00eda. La Fiscal\u00eda sostiene que el crimen fue cometido con alevos\u00eda.<\/p>\n\n\n\n<p>El lunes comenz\u00f3 el juicio oral por un homicidio calificado por alevos\u00eda ocurrido en el <strong>barrio Alvear<\/strong>. El proceso es llevado adelante por la Fiscal\u00eda Regional 2 y tiene como acusado a <strong>Miguel \u00c1ngel Mart\u00ednez de 33 a\u00f1os<\/strong>, para quien se solicit\u00f3 la pena de prisi\u00f3n perpetua.<\/p>\n\n\n\n<p>El tribunal est\u00e1 integrado por los jueces de Primera Instancia <strong>Lisandro Artacho, Carlos Leiva y Gonzalo Fern\u00e1ndez Bussy.<\/strong> El debate se desarrolla con modalidad mixta y el imputado participa por videoconferencia, seg\u00fan las disposiciones del <strong>Servicio Penitenciario<\/strong>.<\/p>\n\n\n\n<p>Seg\u00fan la acusaci\u00f3n, el ataque ocurri\u00f3 el <strong>7 de diciembre de 2022<\/strong>, cerca de las 6.30, en un comercio del rubro panader\u00eda ubicado en la zona de <strong>Santiago al 4700<\/strong>, en <strong>Rosario<\/strong>. La v\u00edctima, <strong>Jos\u00e9 Sofiudin Jahri<\/strong>, se encontraba descansando en una dependencia del local donde ambos trabajaban.<\/p>\n\n\n\n<p>El fiscal <strong>Patricio Saldutti<\/strong> sostuvo que el acusado esper\u00f3 que la v\u00edctima se durmiera y, aprovechando su estado de indefensi\u00f3n, ejecut\u00f3 el ataque. Luego, se retir\u00f3 del lugar en una motocicleta.<\/p>\n\n\n\n<p>La v\u00edctima fue trasladada al <strong>Hospital de Emergencias Clemente \u00c1lvarez<\/strong> (HECA), donde permaneci\u00f3 internada durante m\u00e1s de <strong>dos semanas<\/strong>. Falleci\u00f3 el <strong>24 de diciembre de 2022<\/strong> como consecuencia de complicaciones multiorg\u00e1nicas e infecciones derivadas de las lesiones sufridas.<\/p>\n\n\n\n<p>La Fiscal\u00eda indic\u00f3 que el presunto autor fue identificado de manera inmediata y que su captura se concret\u00f3 en febrero de 2023. La causa cuenta con registros de c\u00e1maras de seguridad, testimonios de compa\u00f1eros de trabajo y otros elementos probatorios.<\/p>\n\n\n\n<p>&nbsp;\u201cEl hecho fue cometido con alevos\u00eda, actuando sobre seguro y aprovechando la total indefensi\u00f3n de la v\u00edctima\u201d, afirm\u00f3 el fiscal <strong>Saldutti<\/strong>. Agreg\u00f3 que \u201cla prueba es m\u00e1s que suficiente para sostener la acusaci\u00f3n y el pedido de prisi\u00f3n perpetua\u201d.<\/p>\n\n\n\n<p>El funcionario explic\u00f3 adem\u00e1s que el acusado prest\u00f3 declaraci\u00f3n en una audiencia previa y que \u201cno neg\u00f3 la materialidad del hecho\u201d. Sobre el m\u00f3vil, se\u00f1al\u00f3: \u201cNo encontramos una motivaci\u00f3n l\u00f3gica que explique un ataque de esta magnitud\u201d.<\/p>\n\n\n\n<p>Adem\u00e1s del homicidio calificado, a <strong>Mart\u00ednez<\/strong>, se le atribuyen tres hechos de amenazas coactivas contra su ex pareja, cometidos en enero de 2023 mediante mensajes enviados por la red social <strong>Facebook<\/strong>, con el objetivo de amedrentarla.<\/p>\n\n\n\n<p>El juicio est\u00e1 previsto para desarrollarse en tres jornadas de producci\u00f3n de prueba y una de alegatos. El veredicto podr\u00eda conocerse el lunes de la pr\u00f3xima semana, seg\u00fan informaron fuentes judiciales.<\/p>\n<div class=\"newspaper-x-tags\"><strong>TAGS: <\/strong><span><a href=\"https:\/\/www.rosarioalerta.com.ar\/site\/archivos\/tag\/noticias-de-rosario\" rel=\"tag\">Noticias de Rosario<\/a><\/span><a href=\"https:\/\/www.rosarioalerta.com.ar\/site\/archivos\/tag\/rosario\" rel=\"tag\">Rosario<\/a><\/span><a href=\"https:\/\/www.rosarioalerta.com.ar\/site\/archivos\/tag\/santa-fe\" rel=\"tag\">Santa Fe<\/a> <\/div>","protected":false},"excerpt":{"rendered":"<p>Piden prisi\u00f3n perpetua tras arrojarle grasa hirviendo y provocarle la muerte El debate comenz\u00f3 en Rosario por la muerte de un trabajador atacado mientras dorm\u00eda en una panader\u00eda. La Fiscal\u00eda sostiene que el crimen fue cometido con alevos\u00eda. El lunes comenz\u00f3 el juicio oral por un homicidio calificado por alevos\u00eda ocurrido en el barrio Alvear. [&hellip;]<\/p>\n","protected":false},"author":2,"featured_media":30537,"comment_status":"open","ping_status":"open","sticky":false,"template":"","format":"standard","meta":{"_joinchat":[],"footnotes":""},"categories":[13,21,14],"tags":[95,55,65],"class_list":["post-30536","post","type-post","status-publish","format-standard","has-post-thumbnail","hentry","category-judiciales","category-noticias","category-policiales","tag-noticias-de-rosario","tag-rosario","tag-santa-fe"],"_links":{"self":[{"href":"https:\/\/www.rosarioalerta.com.ar\/site\/wp-json\/wp\/v2\/posts\/30536","targetHints":{"allow":["GET"]}}],"collection":[{"href":"https:\/\/www.rosarioalerta.com.ar\/site\/wp-json\/wp\/v2\/posts"}],"about":[{"href":"https:\/\/www.rosarioalerta.com.ar\/site\/wp-json\/wp\/v2\/types\/post"}],"author":[{"embeddable":true,"href":"https:\/\/www.rosarioalerta.com.ar\/site\/wp-json\/wp\/v2\/users\/2"}],"replies":[{"embeddable":true,"href":"https:\/\/www.rosarioalerta.com.ar\/site\/wp-json\/wp\/v2\/comments?post=30536"}],"version-history":[{"count":1,"href":"https:\/\/www.rosarioalerta.com.ar\/site\/wp-json\/wp\/v2\/posts\/30536\/revisions"}],"predecessor-version":[{"id":30538,"href":"https:\/\/www.rosarioalerta.com.ar\/site\/wp-json\/wp\/v2\/posts\/30536\/revisions\/30538"}],"wp:featuredmedia":[{"embeddable":true,"href":"https:\/\/www.rosarioalerta.com.ar\/site\/wp-json\/wp\/v2\/media\/30537"}],"wp:attachment":[{"href":"https:\/\/www.rosarioalerta.com.ar\/site\/wp-json\/wp\/v2\/media?parent=30536"}],"wp:term":[{"taxonomy":"category","embeddable":true,"href":"https:\/\/www.rosarioalerta.com.ar\/site\/wp-json\/wp\/v2\/categories?post=30536"},{"taxonomy":"post_tag","embeddable":true,"href":"https:\/\/www.rosarioalerta.com.ar\/site\/wp-json\/wp\/v2\/tags?post=30536"}],"curies":[{"name":"wp","href":"https:\/\/api.w.org\/{rel}","templated":true}]}}