{"id":30521,"date":"2026-01-25T12:16:02","date_gmt":"2026-01-25T15:16:02","guid":{"rendered":"https:\/\/www.rosarioalerta.com.ar\/site\/?p=30521"},"modified":"2026-01-26T06:44:36","modified_gmt":"2026-01-26T09:44:36","slug":"un-hombre-murio-tras-ser-apunalado","status":"publish","type":"post","link":"https:\/\/www.rosarioalerta.com.ar\/site\/archivos\/30521","title":{"rendered":"Un hombre muri\u00f3 tras ser apu\u00f1alado"},"content":{"rendered":"\n<p>Ocurri\u00f3 anoche en la zona suroeste de Rosario<\/p>\n\n\n\n<p>La v\u00edctima fue trasladada de urgencia al <strong>HECA<\/strong>, donde falleci\u00f3 horas despu\u00e9s. El hecho ocurri\u00f3 el s\u00e1bado por la tarde y es investigado por la Fiscal\u00eda de Violencias Altamente Lesivas.<\/p>\n\n\n\n<p>Un homicidio con arma blanca ocurri\u00f3 este s\u00e1bado, en <strong>Lavalle al 2900<\/strong>. La v\u00edctima, <strong>Juan Alberto Osuna de 41 a\u00f1os<\/strong>, fue atacada en circunstancias que a\u00fan se investigan, trasladada de urgencia al <strong>Hospital de Emergencias Clemente \u00c1lvarez<\/strong> (HECA) y muri\u00f3 horas m\u00e1s tarde por la gravedad de la lesi\u00f3n.<\/p>\n\n\n\n<p>El hecho se conoci\u00f3 cerca de las 19, cuando personal policial del Comando Radioel\u00e9ctrico acompa\u00f1\u00f3 a un autom\u00f3vil particular que llevaba al herido hacia el hospital. El traslado fue realizado por familiares desde el lugar del ataque.<\/p>\n\n\n\n<p>Seg\u00fan fuentes oficiales, <strong>Osuna<\/strong>, presentaba una herida de arma blanca en la zona tor\u00e1cica. Fue asistido por personal m\u00e9dico y derivado de urgencia al quir\u00f3fano. Pese a los esfuerzos, a las 21.30 confirmaron su fallecimiento.<\/p>\n\n\n\n<p>El caso qued\u00f3 a cargo del fiscal <strong>Ignacio Hueso<\/strong>, de la Unidad Fiscal de Violencias Altamente Lesivas (UVAL) de la Fiscal\u00eda Regional 2. Ordenaron la intervenci\u00f3n del <strong>Gabinete Criminal\u00edstico<\/strong>, la preservaci\u00f3n de la escena, el levantamiento de rastros y el an\u00e1lisis de c\u00e1maras de seguridad p\u00fablicas y privadas.<\/p>\n\n\n\n<p>Hasta el momento no hay personas detenidas. La investigaci\u00f3n contin\u00faa para identificar al o los autores y determinar el m\u00f3vil del homicidio<\/p>\n\n\n\n<p class=\"has-text-align-center\"><strong>Se trata del sexto crimen en el departamento Rosario desde el inicio de a\u00f1o<\/strong><\/p>\n<div class=\"newspaper-x-tags\"><strong>TAGS: <\/strong><span><a href=\"https:\/\/www.rosarioalerta.com.ar\/site\/archivos\/tag\/noticias-de-rosario\" rel=\"tag\">Noticias de Rosario<\/a><\/span><a href=\"https:\/\/www.rosarioalerta.com.ar\/site\/archivos\/tag\/rosario\" rel=\"tag\">Rosario<\/a><\/span><a href=\"https:\/\/www.rosarioalerta.com.ar\/site\/archivos\/tag\/santa-fe\" rel=\"tag\">Santa Fe<\/a> <\/div>","protected":false},"excerpt":{"rendered":"<p>Ocurri\u00f3 anoche en la zona suroeste de Rosario La v\u00edctima fue trasladada de urgencia al HECA, donde falleci\u00f3 horas despu\u00e9s. El hecho ocurri\u00f3 el s\u00e1bado por la tarde y es investigado por la Fiscal\u00eda de Violencias Altamente Lesivas. Un homicidio con arma blanca ocurri\u00f3 este s\u00e1bado, en Lavalle al 2900. La v\u00edctima, Juan Alberto Osuna [&hellip;]<\/p>\n","protected":false},"author":2,"featured_media":30522,"comment_status":"open","ping_status":"open","sticky":false,"template":"","format":"standard","meta":{"_joinchat":[],"footnotes":""},"categories":[17,6,21,14],"tags":[95,55,65],"class_list":["post-30521","post","type-post","status-publish","format-standard","has-post-thumbnail","hentry","category-heridos","category-homicidios","category-noticias","category-policiales","tag-noticias-de-rosario","tag-rosario","tag-santa-fe"],"_links":{"self":[{"href":"https:\/\/www.rosarioalerta.com.ar\/site\/wp-json\/wp\/v2\/posts\/30521","targetHints":{"allow":["GET"]}}],"collection":[{"href":"https:\/\/www.rosarioalerta.com.ar\/site\/wp-json\/wp\/v2\/posts"}],"about":[{"href":"https:\/\/www.rosarioalerta.com.ar\/site\/wp-json\/wp\/v2\/types\/post"}],"author":[{"embeddable":true,"href":"https:\/\/www.rosarioalerta.com.ar\/site\/wp-json\/wp\/v2\/users\/2"}],"replies":[{"embeddable":true,"href":"https:\/\/www.rosarioalerta.com.ar\/site\/wp-json\/wp\/v2\/comments?post=30521"}],"version-history":[{"count":2,"href":"https:\/\/www.rosarioalerta.com.ar\/site\/wp-json\/wp\/v2\/posts\/30521\/revisions"}],"predecessor-version":[{"id":30527,"href":"https:\/\/www.rosarioalerta.com.ar\/site\/wp-json\/wp\/v2\/posts\/30521\/revisions\/30527"}],"wp:featuredmedia":[{"embeddable":true,"href":"https:\/\/www.rosarioalerta.com.ar\/site\/wp-json\/wp\/v2\/media\/30522"}],"wp:attachment":[{"href":"https:\/\/www.rosarioalerta.com.ar\/site\/wp-json\/wp\/v2\/media?parent=30521"}],"wp:term":[{"taxonomy":"category","embeddable":true,"href":"https:\/\/www.rosarioalerta.com.ar\/site\/wp-json\/wp\/v2\/categories?post=30521"},{"taxonomy":"post_tag","embeddable":true,"href":"https:\/\/www.rosarioalerta.com.ar\/site\/wp-json\/wp\/v2\/tags?post=30521"}],"curies":[{"name":"wp","href":"https:\/\/api.w.org\/{rel}","templated":true}]}}