{"id":30514,"date":"2026-01-24T17:30:28","date_gmt":"2026-01-24T20:30:28","guid":{"rendered":"https:\/\/www.rosarioalerta.com.ar\/site\/?p=30514"},"modified":"2026-01-24T17:30:29","modified_gmt":"2026-01-24T20:30:29","slug":"detuvieron-a-carlos-tevez","status":"publish","type":"post","link":"https:\/\/www.rosarioalerta.com.ar\/site\/archivos\/30514","title":{"rendered":"Detuvieron a Carlos Tevez"},"content":{"rendered":"\n<p>Se trata de uno de los pr\u00f3fugos de la banda Los Menores<\/p>\n\n\n\n<p>El operativo se realiz\u00f3 en La Florida, tras tareas de inteligencia de fuerzas provinciales. Un pr\u00f3fugo vinculado a la <strong>banda Los Menores<\/strong> fue detenido este s\u00e1bado al mediod\u00eda en el <strong>barrio La Florida<\/strong>, en la zona norte de Rosario. El procedimiento se concret\u00f3 en el muelle de <strong>Rambla Catalunya<\/strong>, cuando fuerzas provinciales lograron interceptarlo mientras intentaba cruzar hacia las islas. El joven ten\u00eda un pedido de captura vigente por asociaci\u00f3n il\u00edcita.<\/p>\n\n\n\n<p>La detenci\u00f3n fue el resultado de un trabajo coordinado entre la <strong>Central de Inteligencia y Operaciones Especiales (CIOPE) <\/strong>y la <strong>Tropa de Operaciones Especiales<\/strong> (TOE), dependientes del Ministerio de Justicia y Seguridad de Santa Fe.<\/p>\n\n\n\n<p>Durante tareas de inteligencia en el <strong>barrio 7 de Septiembre<\/strong>, los agentes detectaron a un hombre cuyas caracter\u00edsticas coincid\u00edan con las del requerido. El sospechoso se desplazaba en un autom\u00f3vil Fiat Palio blanco junto a otras personas, por lo que se inici\u00f3 un seguimiento discreto.<\/p>\n\n\n\n<p>El seguimiento concluy\u00f3 en la zona de <strong>La Florida<\/strong>, donde el grupo se dirigi\u00f3 al muelle de <strong>Rambla Catalunya<\/strong> con la intenci\u00f3n de abordar un taxi lancha. En ese punto, el personal especializado intervino y logr\u00f3 detener al joven antes de que cruzara el r\u00edo.<\/p>\n\n\n\n<p>El detenido fue identificado como <strong>Carlos Agust\u00edn Tevez de 21 a\u00f1os<\/strong>, quien fue trasladado a la sede de la <strong>TOE<\/strong> y qued\u00f3 a disposici\u00f3n de la Justicia.<\/p>\n\n\n\n<p>Durante el procedimiento, las fuerzas de seguridad secuestraron cinco tel\u00e9fonos celulares y dinero en efectivo. Junto al detenido hab\u00eda dos hombres y dos mujeres, una de ellas menor de edad, quienes fueron identificados y quedaron a disposici\u00f3n judicial.<\/p>\n\n\n\n<p>El pedido de captura hab\u00eda sido solicitado el <strong>18 de agosto de 2025<\/strong> por la fiscal <strong>Georgina Pairola<\/strong>, del Ministerio P\u00fablico de la Acusaci\u00f3n.<\/p>\n\n\n\n<p>Seg\u00fan fuentes oficiales, <strong>Tevez<\/strong>, cuenta con antecedentes por robos, portaci\u00f3n de armas y v\u00ednculos con una causa por homicidio. Adem\u00e1s, fue imputado en enero de 2024 por abuso de arma de fuego junto a otras personas.<\/p>\n\n\n\n<p>El joven ser\u00e1 alojado en el Servicio Penitenciario Provincial mientras avanza la causa.<\/p>\n<div class=\"newspaper-x-tags\"><strong>TAGS: <\/strong><span><a href=\"https:\/\/www.rosarioalerta.com.ar\/site\/archivos\/tag\/banda-los-menores\" rel=\"tag\">banda Los Menores<\/a><\/span><a href=\"https:\/\/www.rosarioalerta.com.ar\/site\/archivos\/tag\/central-de-inteligencia-y-operaciones-especiales\" rel=\"tag\">Central de Inteligencia y Operaciones Especiales<\/a><\/span><a href=\"https:\/\/www.rosarioalerta.com.ar\/site\/archivos\/tag\/ciope\" rel=\"tag\">CIOPE<\/a><\/span><a href=\"https:\/\/www.rosarioalerta.com.ar\/site\/archivos\/tag\/la-florida\" rel=\"tag\">La Florida<\/a><\/span><a href=\"https:\/\/www.rosarioalerta.com.ar\/site\/archivos\/tag\/noticias-de-rosario\" rel=\"tag\">Noticias de Rosario<\/a><\/span><a href=\"https:\/\/www.rosarioalerta.com.ar\/site\/archivos\/tag\/rambla-catalunya\" rel=\"tag\">Rambla Catalunya<\/a><\/span><a href=\"https:\/\/www.rosarioalerta.com.ar\/site\/archivos\/tag\/rosario\" rel=\"tag\">Rosario<\/a><\/span><a href=\"https:\/\/www.rosarioalerta.com.ar\/site\/archivos\/tag\/santa-fe\" rel=\"tag\">Santa Fe<\/a><\/span><a href=\"https:\/\/www.rosarioalerta.com.ar\/site\/archivos\/tag\/toe\" rel=\"tag\">TOE<\/a><\/span><a href=\"https:\/\/www.rosarioalerta.com.ar\/site\/archivos\/tag\/tropa-de-operaciones-especiales\" rel=\"tag\">Tropa de Operaciones Especiales<\/a> <\/div>","protected":false},"excerpt":{"rendered":"<p>Se trata de uno de los pr\u00f3fugos de la banda Los Menores El operativo se realiz\u00f3 en La Florida, tras tareas de inteligencia de fuerzas provinciales. Un pr\u00f3fugo vinculado a la banda Los Menores fue detenido este s\u00e1bado al mediod\u00eda en el barrio La Florida, en la zona norte de Rosario. El procedimiento se concret\u00f3 [&hellip;]<\/p>\n","protected":false},"author":2,"featured_media":30515,"comment_status":"open","ping_status":"open","sticky":false,"template":"","format":"standard","meta":{"_joinchat":[],"footnotes":""},"categories":[12,11,21,14],"tags":[1948,1630,1631,324,95,1947,55,65,525,1949],"class_list":["post-30514","post","type-post","status-publish","format-standard","has-post-thumbnail","hentry","category-allanamientos","category-detenidos","category-noticias","category-policiales","tag-banda-los-menores","tag-central-de-inteligencia-y-operaciones-especiales","tag-ciope","tag-la-florida","tag-noticias-de-rosario","tag-rambla-catalunya","tag-rosario","tag-santa-fe","tag-toe","tag-tropa-de-operaciones-especiales"],"_links":{"self":[{"href":"https:\/\/www.rosarioalerta.com.ar\/site\/wp-json\/wp\/v2\/posts\/30514","targetHints":{"allow":["GET"]}}],"collection":[{"href":"https:\/\/www.rosarioalerta.com.ar\/site\/wp-json\/wp\/v2\/posts"}],"about":[{"href":"https:\/\/www.rosarioalerta.com.ar\/site\/wp-json\/wp\/v2\/types\/post"}],"author":[{"embeddable":true,"href":"https:\/\/www.rosarioalerta.com.ar\/site\/wp-json\/wp\/v2\/users\/2"}],"replies":[{"embeddable":true,"href":"https:\/\/www.rosarioalerta.com.ar\/site\/wp-json\/wp\/v2\/comments?post=30514"}],"version-history":[{"count":1,"href":"https:\/\/www.rosarioalerta.com.ar\/site\/wp-json\/wp\/v2\/posts\/30514\/revisions"}],"predecessor-version":[{"id":30516,"href":"https:\/\/www.rosarioalerta.com.ar\/site\/wp-json\/wp\/v2\/posts\/30514\/revisions\/30516"}],"wp:featuredmedia":[{"embeddable":true,"href":"https:\/\/www.rosarioalerta.com.ar\/site\/wp-json\/wp\/v2\/media\/30515"}],"wp:attachment":[{"href":"https:\/\/www.rosarioalerta.com.ar\/site\/wp-json\/wp\/v2\/media?parent=30514"}],"wp:term":[{"taxonomy":"category","embeddable":true,"href":"https:\/\/www.rosarioalerta.com.ar\/site\/wp-json\/wp\/v2\/categories?post=30514"},{"taxonomy":"post_tag","embeddable":true,"href":"https:\/\/www.rosarioalerta.com.ar\/site\/wp-json\/wp\/v2\/tags?post=30514"}],"curies":[{"name":"wp","href":"https:\/\/api.w.org\/{rel}","templated":true}]}}