{"id":30510,"date":"2026-01-24T17:24:09","date_gmt":"2026-01-24T20:24:09","guid":{"rendered":"https:\/\/www.rosarioalerta.com.ar\/site\/?p=30510"},"modified":"2026-01-24T17:27:35","modified_gmt":"2026-01-24T20:27:35","slug":"lesiones-en-rina-en-casiano-casas","status":"publish","type":"post","link":"https:\/\/www.rosarioalerta.com.ar\/site\/archivos\/30510","title":{"rendered":"Lesiones en ri\u00f1a en Casiano Casas"},"content":{"rendered":"\n<p>Secuestraron una pistola y hubo dos detenidos<\/p>\n\n\n\n<p>El hecho ocurri\u00f3 durante la ma\u00f1ana en la zona norte de Rosario y deriv\u00f3 en la intervenci\u00f3n policial y sanitaria. Un episodio de lesiones en ri\u00f1a fue registrado este s\u00e1bado por la ma\u00f1ana en calle <strong>Super\u00ed al 2400<\/strong>, en jurisdicci\u00f3n de la <strong>Comisar\u00eda 30\u00ba<\/strong>, cuando dos hombres fueron sorprendidos mientras se agred\u00edan f\u00edsicamente. El hecho ocurri\u00f3 cerca de las 7.30, deriv\u00f3 en el secuestro de un arma de fuego calibre 9 mil\u00edmetros y motiv\u00f3 la asistencia m\u00e9dica de los involucrados.<\/p>\n\n\n\n<p>Seg\u00fan fuentes policiales, el personal regresaba a la dependencia cuando observ\u00f3 a dos hombres propin\u00e1ndose golpes de pu\u00f1o en la v\u00eda p\u00fablica. Ante esa situaci\u00f3n, los efectivos descendieron del m\u00f3vil con el objetivo de separarlos.<\/p>\n\n\n\n<p>En ese momento, los agentes advirtieron la presencia de un arma de fuego tipo pistola, por lo que procedieron al arresto preventivo de ambos hasta establecer responsabilidades y resguardaron el arma en el lugar.<\/p>\n\n\n\n<p>Los involucrados fueron identificados <strong>como Sebasti\u00e1n Alejandro A de 39 a\u00f1os y Franco C de 30<\/strong>. Ambos presentaban lesiones visibles, motivo por el cual solicitaron la presencia del <strong>SIES<\/strong>.<\/p>\n\n\n\n<p>El personal m\u00e9dico examin\u00f3 a los hombres y dispuso el traslado de uno de ellos al <strong>Hospital Eva Per\u00f3n<\/strong>, bajo custodia policial, debido a una descompensaci\u00f3n. Por su estado de salud, no fue posible recabar sus datos completos en ese momento.<\/p>\n\n\n\n<p>Durante el procedimiento, secuestraron una pistola calibre 9 mm. En las inmediaciones tambi\u00e9n se observ\u00f3 un Chevrolet Vectra negro, que \u2014seg\u00fan manifest\u00f3 el hombre que permaneci\u00f3 alojado en sede policial\u2014 ser\u00eda propiedad del trasladado.<\/p>\n\n\n\n<p>Este mismo involucrado afirm\u00f3 que la otra parte habr\u00eda atentado contra su integridad efectuando dos disparos. No obstante, tras una inspecci\u00f3n en la zona, no se hallaron vainas servidas ni da\u00f1os materiales visibles.<\/p>\n\n\n\n<p>El hecho qued\u00f3 bajo investigaci\u00f3n para determinar la mec\u00e1nica del episodio y la procedencia del arma secuestrada. Ambos hombres permanecen a disposici\u00f3n de la Justicia mientras se eval\u00faan las responsabilidades penales correspondientes.<\/p>\n<div class=\"newspaper-x-tags\"><strong>TAGS: <\/strong><span><a href=\"https:\/\/www.rosarioalerta.com.ar\/site\/archivos\/tag\/noticias-de-rosario\" rel=\"tag\">Noticias de Rosario<\/a><\/span><a href=\"https:\/\/www.rosarioalerta.com.ar\/site\/archivos\/tag\/rosario\" rel=\"tag\">Rosario<\/a><\/span><a href=\"https:\/\/www.rosarioalerta.com.ar\/site\/archivos\/tag\/santa-fe\" rel=\"tag\">Santa Fe<\/a><\/span><a href=\"https:\/\/www.rosarioalerta.com.ar\/site\/archivos\/tag\/zona-norte\" rel=\"tag\">Zona Norte<\/a> <\/div>","protected":false},"excerpt":{"rendered":"<p>Secuestraron una pistola y hubo dos detenidos El hecho ocurri\u00f3 durante la ma\u00f1ana en la zona norte de Rosario y deriv\u00f3 en la intervenci\u00f3n policial y sanitaria. Un episodio de lesiones en ri\u00f1a fue registrado este s\u00e1bado por la ma\u00f1ana en calle Super\u00ed al 2400, en jurisdicci\u00f3n de la Comisar\u00eda 30\u00ba, cuando dos hombres fueron [&hellip;]<\/p>\n","protected":false},"author":2,"featured_media":30511,"comment_status":"open","ping_status":"open","sticky":false,"template":"","format":"standard","meta":{"_joinchat":[],"footnotes":""},"categories":[11,21,14],"tags":[95,55,65,158],"class_list":["post-30510","post","type-post","status-publish","format-standard","has-post-thumbnail","hentry","category-detenidos","category-noticias","category-policiales","tag-noticias-de-rosario","tag-rosario","tag-santa-fe","tag-zona-norte"],"_links":{"self":[{"href":"https:\/\/www.rosarioalerta.com.ar\/site\/wp-json\/wp\/v2\/posts\/30510","targetHints":{"allow":["GET"]}}],"collection":[{"href":"https:\/\/www.rosarioalerta.com.ar\/site\/wp-json\/wp\/v2\/posts"}],"about":[{"href":"https:\/\/www.rosarioalerta.com.ar\/site\/wp-json\/wp\/v2\/types\/post"}],"author":[{"embeddable":true,"href":"https:\/\/www.rosarioalerta.com.ar\/site\/wp-json\/wp\/v2\/users\/2"}],"replies":[{"embeddable":true,"href":"https:\/\/www.rosarioalerta.com.ar\/site\/wp-json\/wp\/v2\/comments?post=30510"}],"version-history":[{"count":1,"href":"https:\/\/www.rosarioalerta.com.ar\/site\/wp-json\/wp\/v2\/posts\/30510\/revisions"}],"predecessor-version":[{"id":30512,"href":"https:\/\/www.rosarioalerta.com.ar\/site\/wp-json\/wp\/v2\/posts\/30510\/revisions\/30512"}],"wp:featuredmedia":[{"embeddable":true,"href":"https:\/\/www.rosarioalerta.com.ar\/site\/wp-json\/wp\/v2\/media\/30511"}],"wp:attachment":[{"href":"https:\/\/www.rosarioalerta.com.ar\/site\/wp-json\/wp\/v2\/media?parent=30510"}],"wp:term":[{"taxonomy":"category","embeddable":true,"href":"https:\/\/www.rosarioalerta.com.ar\/site\/wp-json\/wp\/v2\/categories?post=30510"},{"taxonomy":"post_tag","embeddable":true,"href":"https:\/\/www.rosarioalerta.com.ar\/site\/wp-json\/wp\/v2\/tags?post=30510"}],"curies":[{"name":"wp","href":"https:\/\/api.w.org\/{rel}","templated":true}]}}