{"id":30500,"date":"2026-01-24T11:45:12","date_gmt":"2026-01-24T14:45:12","guid":{"rendered":"https:\/\/www.rosarioalerta.com.ar\/site\/?p=30500"},"modified":"2026-01-24T11:45:14","modified_gmt":"2026-01-24T14:45:14","slug":"fray-luis-beltran-un-muerto-tras-un-incendio","status":"publish","type":"post","link":"https:\/\/www.rosarioalerta.com.ar\/site\/archivos\/30500","title":{"rendered":"Fray Luis Beltr\u00e1n: Un muerto tras un incendio"},"content":{"rendered":"\n<p>El hecho ocurri\u00f3 durante la noche en una vivienda. La Fiscal\u00eda orden\u00f3 pericias y autopsia<\/p>\n\n\n\n<p>Un incendio con persona fallecida en <strong>Fray Luis Beltr\u00e1n<\/strong> fue registrado, cerca de la medianoche, en una vivienda ubicada en <strong>Guayaquil al 300<\/strong>. El siniestro se desat\u00f3 en la planta alta del inmueble y tras extinguir el fuego, personal policial hall\u00f3 el cuerpo sin vida de un hombre de 52 a\u00f1os. La Fiscal\u00eda en turno investiga las causas del hecho y del deceso.<\/p>\n\n\n\n<p>Tras el aviso a la <strong>Central de Emergencias del 911<\/strong>, lleg\u00f3 la polic\u00eda y los <strong>Bomberos Zapadores y Voluntarios<\/strong>, quienes lograron controlar el incendio y enfriar la estructura afectada.<\/p>\n\n\n\n<p>Durante la inspecci\u00f3n posterior, la polic\u00eda encontr\u00f3 el cuerpo del hombre en el sector del ba\u00f1o de la vivienda.<\/p>\n\n\n\n<p>Ante el hallazgo, se activaron los protocolos de rigor. El per\u00edmetro fue preservado para resguardar posibles evidencias y tom\u00f3 intervenci\u00f3n el <strong>Gabinete Criminal\u00edstico de la PDI<\/strong><\/p>\n\n\n\n<p>Desde la Unidad Regional XVII indicaron que \u201clas pericias \u00edgneas y la autopsia permitir\u00e1n determinar fehacientemente las causas del siniestro y del deceso\u201d, por disposici\u00f3n de la Fiscal\u00eda interviniente.<\/p>\n\n\n\n<p>Mientras avanzan estas actuaciones, en <strong>Villa Gobernador G\u00e1lvez<\/strong> se desarroll\u00f3 el mismo d\u00eda un procedimiento del <strong>Comando Radioel\u00e9ctrico<\/strong>, donde tres hombres \u2014<strong>Ramiro David V., Roberto Pablo V. y Marcos Jahaziel C<\/strong>.\u2014 fueron detenidos tras un control vehicular. En el operativo se secuestr\u00f3 un arma de fuego calibre 9 mm, municiones y una camioneta, quedando la causa a cargo de la Fiscal\u00eda en turno.<\/p>\n\n\n\n<p>Las pericias contin\u00faan y no se descartan nuevas medidas judiciales en ambas investigaciones.<\/p>\n<div class=\"newspaper-x-tags\"><strong>TAGS: <\/strong><span><a href=\"https:\/\/www.rosarioalerta.com.ar\/site\/archivos\/tag\/fray-luis-beltran\" rel=\"tag\">Fray Luis Beltr\u00e1n<\/a><\/span><a href=\"https:\/\/www.rosarioalerta.com.ar\/site\/archivos\/tag\/noticias-de-fray-luis-beltran\" rel=\"tag\">Noticias de Fray Luis Beltr\u00e1n<\/a><\/span><a href=\"https:\/\/www.rosarioalerta.com.ar\/site\/archivos\/tag\/noticias-de-rosario\" rel=\"tag\">Noticias de Rosario<\/a><\/span><a href=\"https:\/\/www.rosarioalerta.com.ar\/site\/archivos\/tag\/noticias-de-vgg\" rel=\"tag\">Noticias de VGG<\/a><\/span><a href=\"https:\/\/www.rosarioalerta.com.ar\/site\/archivos\/tag\/rosario\" rel=\"tag\">Rosario<\/a><\/span><a href=\"https:\/\/www.rosarioalerta.com.ar\/site\/archivos\/tag\/santa-fe\" rel=\"tag\">Santa Fe<\/a><\/span><a href=\"https:\/\/www.rosarioalerta.com.ar\/site\/archivos\/tag\/vgg\" rel=\"tag\">VGG<\/a> <\/div>","protected":false},"excerpt":{"rendered":"<p>El hecho ocurri\u00f3 durante la noche en una vivienda. La Fiscal\u00eda orden\u00f3 pericias y autopsia Un incendio con persona fallecida en Fray Luis Beltr\u00e1n fue registrado, cerca de la medianoche, en una vivienda ubicada en Guayaquil al 300. El siniestro se desat\u00f3 en la planta alta del inmueble y tras extinguir el fuego, personal policial [&hellip;]<\/p>\n","protected":false},"author":2,"featured_media":30501,"comment_status":"open","ping_status":"open","sticky":false,"template":"","format":"standard","meta":{"_joinchat":[],"footnotes":""},"categories":[11,21,14],"tags":[281,282,95,94,55,65,60],"class_list":["post-30500","post","type-post","status-publish","format-standard","has-post-thumbnail","hentry","category-detenidos","category-noticias","category-policiales","tag-fray-luis-beltran","tag-noticias-de-fray-luis-beltran","tag-noticias-de-rosario","tag-noticias-de-vgg","tag-rosario","tag-santa-fe","tag-vgg"],"_links":{"self":[{"href":"https:\/\/www.rosarioalerta.com.ar\/site\/wp-json\/wp\/v2\/posts\/30500","targetHints":{"allow":["GET"]}}],"collection":[{"href":"https:\/\/www.rosarioalerta.com.ar\/site\/wp-json\/wp\/v2\/posts"}],"about":[{"href":"https:\/\/www.rosarioalerta.com.ar\/site\/wp-json\/wp\/v2\/types\/post"}],"author":[{"embeddable":true,"href":"https:\/\/www.rosarioalerta.com.ar\/site\/wp-json\/wp\/v2\/users\/2"}],"replies":[{"embeddable":true,"href":"https:\/\/www.rosarioalerta.com.ar\/site\/wp-json\/wp\/v2\/comments?post=30500"}],"version-history":[{"count":1,"href":"https:\/\/www.rosarioalerta.com.ar\/site\/wp-json\/wp\/v2\/posts\/30500\/revisions"}],"predecessor-version":[{"id":30502,"href":"https:\/\/www.rosarioalerta.com.ar\/site\/wp-json\/wp\/v2\/posts\/30500\/revisions\/30502"}],"wp:featuredmedia":[{"embeddable":true,"href":"https:\/\/www.rosarioalerta.com.ar\/site\/wp-json\/wp\/v2\/media\/30501"}],"wp:attachment":[{"href":"https:\/\/www.rosarioalerta.com.ar\/site\/wp-json\/wp\/v2\/media?parent=30500"}],"wp:term":[{"taxonomy":"category","embeddable":true,"href":"https:\/\/www.rosarioalerta.com.ar\/site\/wp-json\/wp\/v2\/categories?post=30500"},{"taxonomy":"post_tag","embeddable":true,"href":"https:\/\/www.rosarioalerta.com.ar\/site\/wp-json\/wp\/v2\/tags?post=30500"}],"curies":[{"name":"wp","href":"https:\/\/api.w.org\/{rel}","templated":true}]}}