{"id":30478,"date":"2026-01-23T16:27:37","date_gmt":"2026-01-23T19:27:37","guid":{"rendered":"https:\/\/www.rosarioalerta.com.ar\/site\/?p=30478"},"modified":"2026-01-23T16:27:46","modified_gmt":"2026-01-23T19:27:46","slug":"allanamientos-en-perez-y-serodino","status":"publish","type":"post","link":"https:\/\/www.rosarioalerta.com.ar\/site\/archivos\/30478","title":{"rendered":"Allanamientos en P\u00e9rez y Serodino"},"content":{"rendered":"\n<p>Dos detenidos en causas judiciales en el sur santafesino<\/p>\n\n\n\n<p>Operativos ordenados por la Justicia provincial derivaron en detenciones y secuestro de celulares en investigaciones en curso. En las \u00faltimas horas, fuerzas policiales realizaron allanamientos simult\u00e1neos en las localidades de <strong>P\u00e9rez y Serodino<\/strong>, en el sur de la provincia de Santa Fe. Los procedimientos, ordenados por autoridades judiciales, concluyeron con dos personas detenidas en el marco de causas penales en investigaci\u00f3n, una de ellas vinculada a violencia de g\u00e9nero.<\/p>\n\n\n\n<p>En la ciudad de <strong>P\u00e9rez<\/strong>, la <strong>Polic\u00eda de Investigaciones<\/strong> (PDI) llev\u00f3 adelante un allanamiento en un domicilio particular por una causa que investiga amenazas simples, desobediencia a \u00f3rdenes judiciales y lesiones leves, todo en contexto de violencia de g\u00e9nero.<\/p>\n\n\n\n<p>La medida fue dispuesta por la Oficina de Violencia contra la Mujer, a cargo de la <strong>Dra. Ivana Addumie<\/strong>. Durante la requisa no secuestraron elementos relevantes, pero en el lugar fue detenido <strong>Gabriel A. B de 32 a\u00f1os<\/strong>, quien qued\u00f3 a disposici\u00f3n de la Justicia<\/p>\n\n\n\n<p>Ese mismo d\u00eda, alrededor de las 14, efectivos del <strong>Grupo de Operaciones T\u00e1cticas<\/strong> (G.O.T.) realizaron un allanamiento en una vivienda ubicada en <strong>Espa\u00f1a al 700<\/strong>, en la localidad de <strong>Serodino<\/strong>.<\/p>\n\n\n\n<p>El operativo se desarroll\u00f3 bajo directivas de la Justicia provincial y cont\u00f3 con la colaboraci\u00f3n de la <strong>PDI<\/strong>. Tras asegurar el per\u00edmetro e ingresar al inmueble, los efectivos detuvieron a <strong>H\u00e9ctor P<\/strong> quien se encontraba en el lugar.<\/p>\n\n\n\n<p>Durante el mismo incautaron tres celulares, considerados de inter\u00e9s para la causa y que ser\u00e1n sometidos a peritajes t\u00e9cnicos.<\/p>\n\n\n\n<p>Fuentes oficiales indicaron que ambos operativos se desarrollaron conforme a los protocolos vigentes y en cumplimiento de \u00f3rdenes judiciales. Las actuaciones quedaron a cargo de las fiscal\u00edas intervinientes.<\/p>\n\n\n\n<p>Los dos detenidos permanecen a disposici\u00f3n de la Justicia, mientras contin\u00faan las medidas investigativas. En el caso de P\u00e9rez, la defensa es ejercida por un defensor p\u00fablico, y el alojamiento del imputado qued\u00f3 sujeto a directivas judiciales.<\/p>\n<div class=\"newspaper-x-tags\"><strong>TAGS: <\/strong><span><a href=\"https:\/\/www.rosarioalerta.com.ar\/site\/archivos\/tag\/noticias-de-perez-2\" rel=\"tag\">Noticias de P\u00e9rez<\/a><\/span><a href=\"https:\/\/www.rosarioalerta.com.ar\/site\/archivos\/tag\/noticias-de-rosario\" rel=\"tag\">Noticias de Rosario<\/a><\/span><a href=\"https:\/\/www.rosarioalerta.com.ar\/site\/archivos\/tag\/noticias-de-serodino\" rel=\"tag\">Noticias de Serodino<\/a><\/span><a href=\"https:\/\/www.rosarioalerta.com.ar\/site\/archivos\/tag\/perez-3\" rel=\"tag\">P\u00e9rez<\/a><\/span><a href=\"https:\/\/www.rosarioalerta.com.ar\/site\/archivos\/tag\/rosario\" rel=\"tag\">Rosario<\/a><\/span><a href=\"https:\/\/www.rosarioalerta.com.ar\/site\/archivos\/tag\/santa-fe\" rel=\"tag\">Santa Fe<\/a><\/span><a href=\"https:\/\/www.rosarioalerta.com.ar\/site\/archivos\/tag\/serodino\" rel=\"tag\">Serodino<\/a> <\/div>","protected":false},"excerpt":{"rendered":"<p>Dos detenidos en causas judiciales en el sur santafesino Operativos ordenados por la Justicia provincial derivaron en detenciones y secuestro de celulares en investigaciones en curso. En las \u00faltimas horas, fuerzas policiales realizaron allanamientos simult\u00e1neos en las localidades de P\u00e9rez y Serodino, en el sur de la provincia de Santa Fe. Los procedimientos, ordenados por [&hellip;]<\/p>\n","protected":false},"author":2,"featured_media":30479,"comment_status":"open","ping_status":"open","sticky":false,"template":"","format":"standard","meta":{"_joinchat":[],"footnotes":""},"categories":[12,11,21,14],"tags":[427,95,1779,428,55,65,1778],"class_list":["post-30478","post","type-post","status-publish","format-standard","has-post-thumbnail","hentry","category-allanamientos","category-detenidos","category-noticias","category-policiales","tag-noticias-de-perez-2","tag-noticias-de-rosario","tag-noticias-de-serodino","tag-perez-3","tag-rosario","tag-santa-fe","tag-serodino"],"_links":{"self":[{"href":"https:\/\/www.rosarioalerta.com.ar\/site\/wp-json\/wp\/v2\/posts\/30478","targetHints":{"allow":["GET"]}}],"collection":[{"href":"https:\/\/www.rosarioalerta.com.ar\/site\/wp-json\/wp\/v2\/posts"}],"about":[{"href":"https:\/\/www.rosarioalerta.com.ar\/site\/wp-json\/wp\/v2\/types\/post"}],"author":[{"embeddable":true,"href":"https:\/\/www.rosarioalerta.com.ar\/site\/wp-json\/wp\/v2\/users\/2"}],"replies":[{"embeddable":true,"href":"https:\/\/www.rosarioalerta.com.ar\/site\/wp-json\/wp\/v2\/comments?post=30478"}],"version-history":[{"count":1,"href":"https:\/\/www.rosarioalerta.com.ar\/site\/wp-json\/wp\/v2\/posts\/30478\/revisions"}],"predecessor-version":[{"id":30480,"href":"https:\/\/www.rosarioalerta.com.ar\/site\/wp-json\/wp\/v2\/posts\/30478\/revisions\/30480"}],"wp:featuredmedia":[{"embeddable":true,"href":"https:\/\/www.rosarioalerta.com.ar\/site\/wp-json\/wp\/v2\/media\/30479"}],"wp:attachment":[{"href":"https:\/\/www.rosarioalerta.com.ar\/site\/wp-json\/wp\/v2\/media?parent=30478"}],"wp:term":[{"taxonomy":"category","embeddable":true,"href":"https:\/\/www.rosarioalerta.com.ar\/site\/wp-json\/wp\/v2\/categories?post=30478"},{"taxonomy":"post_tag","embeddable":true,"href":"https:\/\/www.rosarioalerta.com.ar\/site\/wp-json\/wp\/v2\/tags?post=30478"}],"curies":[{"name":"wp","href":"https:\/\/api.w.org\/{rel}","templated":true}]}}