{"id":30473,"date":"2026-01-23T08:24:33","date_gmt":"2026-01-23T11:24:33","guid":{"rendered":"https:\/\/www.rosarioalerta.com.ar\/site\/?p=30473"},"modified":"2026-01-23T08:24:37","modified_gmt":"2026-01-23T11:24:37","slug":"dos-hombres-detenidos-tras-amenazas-y-ataques","status":"publish","type":"post","link":"https:\/\/www.rosarioalerta.com.ar\/site\/archivos\/30473","title":{"rendered":"Dos hombres detenidos tras amenazas y ataques"},"content":{"rendered":"\n<p>Los hechos ocurrieron durante la madrugada y las v\u00edctimas fueron mujeres<\/p>\n\n\n\n<p>Dos episodios de violencia de g\u00e9nero se registraron en Rosario durante la madrugada del jueves. En ambos casos, personal policial intervino tras llamados de emergencia y procedi\u00f3 a la detenci\u00f3n de los agresores, luego de denuncias por amenazas y lesiones, una de ellas con arma blanca.<\/p>\n\n\n\n<p>El primer procedimiento tuvo lugar alrededor de las 2, en un domicilio ubicado en <strong>Larrea al 1700<\/strong>. Personal del <strong>Comando Radioel\u00e9ctrico<\/strong> fue comisionado tras un aviso por un hecho de violencia de g\u00e9nero.<\/p>\n\n\n\n<p>Al arribar, los efectivos identificaron a un hombre de 33 a\u00f1os y realizaron una requisa preventiva, sin hallar elementos de peligrosidad. Minutos despu\u00e9s sali\u00f3 del domicilio la v\u00edctima de 33 a\u00f1os, quien denunci\u00f3 que el hombre era su ex pareja y que desde hac\u00eda seis meses se presentaba reiteradamente en su vivienda para generar disturbios y proferir amenazas verbales y f\u00edsicas.<\/p>\n\n\n\n<p>Ante la manifestaci\u00f3n de la v\u00edctima de instar acci\u00f3n penal, los efectivos procedieron a la detenci\u00f3n de <strong>Emanuel Sebasti\u00e1n O<\/strong>, quien fue trasladado a la <strong>Comisar\u00eda 32\u00b0<\/strong> por disposici\u00f3n de la autoridad competente.<\/p>\n\n\n\n<p>Horas antes, a pocos minutos de pasar la medianoche, otro hecho similar se registr\u00f3 en la intersecci\u00f3n de <strong>Lima y Riobamba<\/strong>. Personal de la <strong>Brigada de Orden Urbano <\/strong>acudi\u00f3 al lugar tras un llamado que alertaba sobre una mujer herida con arma blanca.<\/p>\n\n\n\n<p>En el lugar constataron que una mujer de 36 a\u00f1os, hab\u00eda mantenido una discusi\u00f3n con su pareja, <strong>Ricardo Cristian B de 53,<\/strong> durante la cual sufri\u00f3 una herida cortante en la mano derecha. Adem\u00e1s, un ni\u00f1o de 7 a\u00f1os result\u00f3 con escoriaciones superficiales.<\/p>\n\n\n\n<p>Una ambulancia del <strong>SIES<\/strong> asisti\u00f3 a la v\u00edctima, sin necesidad de traslado. En el procedimiento secuestraron un machete y una cuchilla, y el agresor qued\u00f3 detenido. Ambos casos quedaron a disposici\u00f3n de la Justicia, que definir\u00e1 las imputaciones correspondientes.<\/p>\n<div class=\"newspaper-x-tags\"><strong>TAGS: <\/strong><span><a href=\"https:\/\/www.rosarioalerta.com.ar\/site\/archivos\/tag\/noticias-de-rosario\" rel=\"tag\">Noticias de Rosario<\/a><\/span><a href=\"https:\/\/www.rosarioalerta.com.ar\/site\/archivos\/tag\/rosario\" rel=\"tag\">Rosario<\/a><\/span><a href=\"https:\/\/www.rosarioalerta.com.ar\/site\/archivos\/tag\/santa-fe\" rel=\"tag\">Santa Fe<\/a> <\/div>","protected":false},"excerpt":{"rendered":"<p>Los hechos ocurrieron durante la madrugada y las v\u00edctimas fueron mujeres Dos episodios de violencia de g\u00e9nero se registraron en Rosario durante la madrugada del jueves. En ambos casos, personal policial intervino tras llamados de emergencia y procedi\u00f3 a la detenci\u00f3n de los agresores, luego de denuncias por amenazas y lesiones, una de ellas con [&hellip;]<\/p>\n","protected":false},"author":2,"featured_media":30474,"comment_status":"open","ping_status":"open","sticky":false,"template":"","format":"standard","meta":{"_joinchat":[],"footnotes":""},"categories":[11,21,14,51],"tags":[95,55,65],"class_list":["post-30473","post","type-post","status-publish","format-standard","has-post-thumbnail","hentry","category-detenidos","category-noticias","category-policiales","category-violencia-de-genero","tag-noticias-de-rosario","tag-rosario","tag-santa-fe"],"_links":{"self":[{"href":"https:\/\/www.rosarioalerta.com.ar\/site\/wp-json\/wp\/v2\/posts\/30473","targetHints":{"allow":["GET"]}}],"collection":[{"href":"https:\/\/www.rosarioalerta.com.ar\/site\/wp-json\/wp\/v2\/posts"}],"about":[{"href":"https:\/\/www.rosarioalerta.com.ar\/site\/wp-json\/wp\/v2\/types\/post"}],"author":[{"embeddable":true,"href":"https:\/\/www.rosarioalerta.com.ar\/site\/wp-json\/wp\/v2\/users\/2"}],"replies":[{"embeddable":true,"href":"https:\/\/www.rosarioalerta.com.ar\/site\/wp-json\/wp\/v2\/comments?post=30473"}],"version-history":[{"count":1,"href":"https:\/\/www.rosarioalerta.com.ar\/site\/wp-json\/wp\/v2\/posts\/30473\/revisions"}],"predecessor-version":[{"id":30475,"href":"https:\/\/www.rosarioalerta.com.ar\/site\/wp-json\/wp\/v2\/posts\/30473\/revisions\/30475"}],"wp:featuredmedia":[{"embeddable":true,"href":"https:\/\/www.rosarioalerta.com.ar\/site\/wp-json\/wp\/v2\/media\/30474"}],"wp:attachment":[{"href":"https:\/\/www.rosarioalerta.com.ar\/site\/wp-json\/wp\/v2\/media?parent=30473"}],"wp:term":[{"taxonomy":"category","embeddable":true,"href":"https:\/\/www.rosarioalerta.com.ar\/site\/wp-json\/wp\/v2\/categories?post=30473"},{"taxonomy":"post_tag","embeddable":true,"href":"https:\/\/www.rosarioalerta.com.ar\/site\/wp-json\/wp\/v2\/tags?post=30473"}],"curies":[{"name":"wp","href":"https:\/\/api.w.org\/{rel}","templated":true}]}}