{"id":30447,"date":"2026-01-22T07:53:57","date_gmt":"2026-01-22T10:53:57","guid":{"rendered":"https:\/\/www.rosarioalerta.com.ar\/site\/?p=30447"},"modified":"2026-01-22T07:54:01","modified_gmt":"2026-01-22T10:54:01","slug":"amenazas-armadas-y-detenidos","status":"publish","type":"post","link":"https:\/\/www.rosarioalerta.com.ar\/site\/archivos\/30447","title":{"rendered":"Amenazas armadas y detenidos"},"content":{"rendered":"\n<p>Un joven fue detenido con una escopeta recortada<\/p>\n\n\n\n<p>El procedimiento se inici\u00f3 durante una intervenci\u00f3n por violencia de g\u00e9nero y deriv\u00f3 en la detenci\u00f3n de un joven armado. En otros hechos, hubo aprehensiones por da\u00f1os y un hurto en distintos puntos de la ciudad.<\/p>\n\n\n\n<p>Un joven de 18 a\u00f1os fue detenido anoche, tras amenazar de muerte a polic\u00edas y huir por los techos, en el marco de un operativo por violencia de g\u00e9nero. El procedimiento ocurri\u00f3 en <strong>Uruguay al 8200<\/strong>, donde adem\u00e1s le secuestraron una escopeta recortada calibre 16. En paralelo, se registraron otras tres aprehensiones por hechos de da\u00f1o y hurto en distintos sectores de la ciudad.<\/p>\n\n\n\n<p>Cerca de las 23, cuando personal del <strong>Grupo T\u00e1ctico Motorizado<\/strong> (GTM) arrib\u00f3 a la zona para colaborar con efectivos del <strong>Comando Radioel\u00e9ctrico<\/strong>, que interven\u00edan en una situaci\u00f3n de violencia de g\u00e9nero. Se presenta un tercer individuo comenz\u00f3 a entorpecer el accionar policial y profiri\u00f3 amenazas, asegurando que buscar\u00eda un arma de fuego para atacar a los uniformados. Al intentar identificarlo, el joven se dio a la fuga a pie, ingres\u00f3 a su vivienda y escap\u00f3 por los techos.<\/p>\n\n\n\n<p>Durante el rastrillaje, los efectivos secuestraron una escopeta recortada, con un cartucho calibre 16. Minutos despu\u00e9s, tras un cerrojo pedestre en la zona, el sospechoso fue localizado y detenido.<\/p>\n\n\n\n<p>El aprehendido fue identificado como <strong>Kevin E. V de 18 a\u00f1os<\/strong>, domiciliado en el lugar del hecho. La causa fue caratulada como amenazas calificadas y tenencia indebida de arma de fuego, con intervenci\u00f3n de la <strong>Comisar\u00eda 32\u00ba<\/strong>, por razones territoriales.<\/p>\n\n\n\n<p>Momentos m\u00e1s tarde, la <strong>Brigada Motorizada<\/strong> intervino en <strong>Pueyrred\u00f3n y Av. Morcillo,<\/strong> donde fueron detenidas <strong>Carolina D. L. y Mar\u00eda E. S<\/strong>, ambas <strong>de 36 a\u00f1os<\/strong>, acusadas de provocar da\u00f1os en un autom\u00f3vil tras una denuncia realizada por la v\u00edctima.<\/p>\n\n\n\n<p>Filenamente, en otra casusa que tuvo lugar horas antes, detuvieron a <strong>Juan Jos\u00e9 A de 40 a\u00f1os<\/strong>, luego de un hurto, secuestr\u00e1ndose dinero en efectivo, documentaci\u00f3n y llaves sustra\u00eddas. Ocurri\u00f3 en <strong>G\u00e1lvez y Balcarce<\/strong><\/p>\n\n\n\n<p>Todos los aprehendidos quedaron a disposici\u00f3n de la Justicia, mientras contin\u00faan las actuaciones judiciales correspondientes.<\/p>\n<div class=\"newspaper-x-tags\"><strong>TAGS: <\/strong><span><a href=\"https:\/\/www.rosarioalerta.com.ar\/site\/archivos\/tag\/noticias-de-rosario\" rel=\"tag\">Noticias de Rosario<\/a><\/span><a href=\"https:\/\/www.rosarioalerta.com.ar\/site\/archivos\/tag\/rosario\" rel=\"tag\">Rosario<\/a><\/span><a href=\"https:\/\/www.rosarioalerta.com.ar\/site\/archivos\/tag\/santa-fe\" rel=\"tag\">Santa Fe<\/a> <\/div>","protected":false},"excerpt":{"rendered":"<p>Un joven fue detenido con una escopeta recortada El procedimiento se inici\u00f3 durante una intervenci\u00f3n por violencia de g\u00e9nero y deriv\u00f3 en la detenci\u00f3n de un joven armado. En otros hechos, hubo aprehensiones por da\u00f1os y un hurto en distintos puntos de la ciudad. Un joven de 18 a\u00f1os fue detenido anoche, tras amenazar de [&hellip;]<\/p>\n","protected":false},"author":2,"featured_media":30448,"comment_status":"open","ping_status":"open","sticky":false,"template":"","format":"standard","meta":{"_joinchat":[],"footnotes":""},"categories":[11,21,14],"tags":[95,55,65],"class_list":["post-30447","post","type-post","status-publish","format-standard","has-post-thumbnail","hentry","category-detenidos","category-noticias","category-policiales","tag-noticias-de-rosario","tag-rosario","tag-santa-fe"],"_links":{"self":[{"href":"https:\/\/www.rosarioalerta.com.ar\/site\/wp-json\/wp\/v2\/posts\/30447","targetHints":{"allow":["GET"]}}],"collection":[{"href":"https:\/\/www.rosarioalerta.com.ar\/site\/wp-json\/wp\/v2\/posts"}],"about":[{"href":"https:\/\/www.rosarioalerta.com.ar\/site\/wp-json\/wp\/v2\/types\/post"}],"author":[{"embeddable":true,"href":"https:\/\/www.rosarioalerta.com.ar\/site\/wp-json\/wp\/v2\/users\/2"}],"replies":[{"embeddable":true,"href":"https:\/\/www.rosarioalerta.com.ar\/site\/wp-json\/wp\/v2\/comments?post=30447"}],"version-history":[{"count":1,"href":"https:\/\/www.rosarioalerta.com.ar\/site\/wp-json\/wp\/v2\/posts\/30447\/revisions"}],"predecessor-version":[{"id":30449,"href":"https:\/\/www.rosarioalerta.com.ar\/site\/wp-json\/wp\/v2\/posts\/30447\/revisions\/30449"}],"wp:featuredmedia":[{"embeddable":true,"href":"https:\/\/www.rosarioalerta.com.ar\/site\/wp-json\/wp\/v2\/media\/30448"}],"wp:attachment":[{"href":"https:\/\/www.rosarioalerta.com.ar\/site\/wp-json\/wp\/v2\/media?parent=30447"}],"wp:term":[{"taxonomy":"category","embeddable":true,"href":"https:\/\/www.rosarioalerta.com.ar\/site\/wp-json\/wp\/v2\/categories?post=30447"},{"taxonomy":"post_tag","embeddable":true,"href":"https:\/\/www.rosarioalerta.com.ar\/site\/wp-json\/wp\/v2\/tags?post=30447"}],"curies":[{"name":"wp","href":"https:\/\/api.w.org\/{rel}","templated":true}]}}