{"id":30425,"date":"2026-01-21T07:29:02","date_gmt":"2026-01-21T10:29:02","guid":{"rendered":"https:\/\/www.rosarioalerta.com.ar\/site\/?p=30425"},"modified":"2026-01-21T07:29:05","modified_gmt":"2026-01-21T10:29:05","slug":"patrullaje-aereo-en-rosario","status":"publish","type":"post","link":"https:\/\/www.rosarioalerta.com.ar\/site\/archivos\/30425","title":{"rendered":"Patrullaje a\u00e9reo en Rosario"},"content":{"rendered":"\n<p>La Polic\u00eda provincial retom\u00f3 los vuelos preventivos<\/p>\n\n\n\n<p>Tras seis a\u00f1os sin operativos a\u00e9reos, la fuerza volvi\u00f3 a sobrevolar la ciudad con un helic\u00f3ptero incorporado a la flota oficial. El dispositivo se integra al Plan de Seguridad de Santa Fe.<\/p>\n\n\n\n<p>El patrullaje a\u00e9reo volvi\u00f3 a Rosario este mes con el primer vuelo operativo de un helic\u00f3ptero de la Polic\u00eda de la Provincia de Santa Fe. La medida se concret\u00f3 durante un sobrevuelo preventivo realizado al atardecer, en sectores estrat\u00e9gicos de la ciudad, como parte del Plan de Seguridad provincial. Los vuelos no se realizaban desde 2019 y buscan reforzar la prevenci\u00f3n del delito y el control territorial.<\/p>\n\n\n\n<p>El operativo se desarroll\u00f3 con un vuelo de aproximadamente una hora. La aeronave recorri\u00f3 zonas previamente definidas por la planificaci\u00f3n policial, entre ellas barrio La Florida y accesos a la avenida de Circunvalaci\u00f3n.<\/p>\n\n\n\n<p>El despliegue se coordin\u00f3 en tiempo real con los m\u00f3viles y efectivos que operan en tierra, con el objetivo de ampliar el alcance de los controles preventivos.<\/p>\n\n\n\n<p>Desde el Ministerio de Seguridad indicaron que el patrullaje a\u00e9reo se activar\u00e1 de manera flexible, seg\u00fan las directivas operativas vigentes. El helic\u00f3ptero ser\u00e1 utilizado para reforzar tareas preventivas, operativos especiales y eventos de alta concurrencia.<\/p>\n\n\n\n<p>La planificaci\u00f3n contempla su uso tanto en horarios diurnos como nocturnos, de acuerdo a las necesidades de cada dispositivo.<\/p>\n\n\n\n<p>El helic\u00f3ptero incorporado es un Robinson R44 Raven I, monomotor, adaptado para tareas de seguridad. Cuenta con un motor Lycoming O-540 de seis cilindros y una capacidad de carga de hasta 408 kilos.<\/p>\n\n\n\n<p>Est\u00e1 equipado con reflector de b\u00fasqueda y sistema de comunicaci\u00f3n terrestre codificado, herramientas clave para la coordinaci\u00f3n operativa y los procedimientos nocturnos.<\/p>\n\n\n\n<p>La incorporaci\u00f3n de la aeronave fue formalizada el 30 de diciembre en la ciudad de Santa Fe, durante un acto encabezado por el gobernador Maximiliano Pullaro. En esa presentaci\u00f3n tambi\u00e9n se sumaron 85 camionetas 0 kil\u00f3metro y un minib\u00fas destinado a la Brigada A\u00e9rea no Tripulada, encargada de las operaciones con drones.<\/p>\n\n\n\n<p>Con este refuerzo, <strong>Rosario<\/strong> vuelve a contar con vigilancia a\u00e9rea permanente, integrada a una estrategia de seguridad m\u00e1s amplia que combina recursos terrestres, a\u00e9reos y tecnol\u00f3gicos.<\/p>\n<div class=\"newspaper-x-tags\"><strong>TAGS: <\/strong><span><a href=\"https:\/\/www.rosarioalerta.com.ar\/site\/archivos\/tag\/brigada-aerea-policial\" rel=\"tag\">Brigada A\u00e9rea Policial<\/a><\/span><a href=\"https:\/\/www.rosarioalerta.com.ar\/site\/archivos\/tag\/noticias-de-rosario\" rel=\"tag\">Noticias de Rosario<\/a><\/span><a href=\"https:\/\/www.rosarioalerta.com.ar\/site\/archivos\/tag\/rosario\" rel=\"tag\">Rosario<\/a><\/span><a href=\"https:\/\/www.rosarioalerta.com.ar\/site\/archivos\/tag\/santa-fe\" rel=\"tag\">Santa Fe<\/a> <\/div>","protected":false},"excerpt":{"rendered":"<p>La Polic\u00eda provincial retom\u00f3 los vuelos preventivos Tras seis a\u00f1os sin operativos a\u00e9reos, la fuerza volvi\u00f3 a sobrevolar la ciudad con un helic\u00f3ptero incorporado a la flota oficial. El dispositivo se integra al Plan de Seguridad de Santa Fe. El patrullaje a\u00e9reo volvi\u00f3 a Rosario este mes con el primer vuelo operativo de un helic\u00f3ptero [&hellip;]<\/p>\n","protected":false},"author":2,"featured_media":30426,"comment_status":"open","ping_status":"open","sticky":false,"template":"","format":"standard","meta":{"_joinchat":[],"footnotes":""},"categories":[18,21,14],"tags":[1943,95,55,65],"class_list":["post-30425","post","type-post","status-publish","format-standard","has-post-thumbnail","hentry","category-institucional","category-noticias","category-policiales","tag-brigada-aerea-policial","tag-noticias-de-rosario","tag-rosario","tag-santa-fe"],"_links":{"self":[{"href":"https:\/\/www.rosarioalerta.com.ar\/site\/wp-json\/wp\/v2\/posts\/30425","targetHints":{"allow":["GET"]}}],"collection":[{"href":"https:\/\/www.rosarioalerta.com.ar\/site\/wp-json\/wp\/v2\/posts"}],"about":[{"href":"https:\/\/www.rosarioalerta.com.ar\/site\/wp-json\/wp\/v2\/types\/post"}],"author":[{"embeddable":true,"href":"https:\/\/www.rosarioalerta.com.ar\/site\/wp-json\/wp\/v2\/users\/2"}],"replies":[{"embeddable":true,"href":"https:\/\/www.rosarioalerta.com.ar\/site\/wp-json\/wp\/v2\/comments?post=30425"}],"version-history":[{"count":1,"href":"https:\/\/www.rosarioalerta.com.ar\/site\/wp-json\/wp\/v2\/posts\/30425\/revisions"}],"predecessor-version":[{"id":30427,"href":"https:\/\/www.rosarioalerta.com.ar\/site\/wp-json\/wp\/v2\/posts\/30425\/revisions\/30427"}],"wp:featuredmedia":[{"embeddable":true,"href":"https:\/\/www.rosarioalerta.com.ar\/site\/wp-json\/wp\/v2\/media\/30426"}],"wp:attachment":[{"href":"https:\/\/www.rosarioalerta.com.ar\/site\/wp-json\/wp\/v2\/media?parent=30425"}],"wp:term":[{"taxonomy":"category","embeddable":true,"href":"https:\/\/www.rosarioalerta.com.ar\/site\/wp-json\/wp\/v2\/categories?post=30425"},{"taxonomy":"post_tag","embeddable":true,"href":"https:\/\/www.rosarioalerta.com.ar\/site\/wp-json\/wp\/v2\/tags?post=30425"}],"curies":[{"name":"wp","href":"https:\/\/api.w.org\/{rel}","templated":true}]}}