{"id":30422,"date":"2026-01-21T07:27:15","date_gmt":"2026-01-21T10:27:15","guid":{"rendered":"https:\/\/www.rosarioalerta.com.ar\/site\/?p=30422"},"modified":"2026-01-21T07:27:17","modified_gmt":"2026-01-21T10:27:17","slug":"abuso-de-arma-y-ataques-violentos","status":"publish","type":"post","link":"https:\/\/www.rosarioalerta.com.ar\/site\/archivos\/30422","title":{"rendered":"Abuso de arma y ataques violentos"},"content":{"rendered":"\n<p>Disparos contra un auto en Villa Gobernador G\u00e1lvez y heridos en Rosario y Rold\u00e1n<\/p>\n\n\n\n<p>El ataque ocurri\u00f3 a plena ma\u00f1ana y no dej\u00f3 heridos. Hubo otros episodios armados en Rosario y un apu\u00f1alado en Rold\u00e1n. Un abuso de arma fue denunciado este martes por la ma\u00f1ana en <strong>Villa Gobernador G\u00e1lvez<\/strong>, cuando desconocidos dispararon contra un autom\u00f3vil estacionado en la cuadra de <strong>Alvear al 1900<\/strong>. El hecho ocurri\u00f3 cerca de las 11, fue reportado al 911 y qued\u00f3 bajo jurisdicci\u00f3n de la <strong>Comisar\u00eda 29\u00ba <\/strong>donde se registraron las actuaciones. No se registraron personas heridas y se investigan las circunstancias del ataque.<\/p>\n\n\n\n<p>Seg\u00fan informaci\u00f3n oficial, al arribar al lugar los efectivos entrevistaron al propietario de un Renault Clio. El hombre relat\u00f3 que al salir de su vivienda advirti\u00f3 el cristal trasero del veh\u00edculo da\u00f1ado. Al inspeccionar el rodado, constat\u00f3 un orificio de impacto en el apoyacabezas del asiento del acompa\u00f1ante. Dentro del auto, los agentes hallaron un proyectil de plomo, que fue secuestrado para peritajes.<\/p>\n\n\n\n<p>Hasta el momento no hay personas detenidas. Los investigadores analizan registros de c\u00e1maras de la zona y testimonios de vecinos.<\/p>\n\n\n\n<p><strong>Otros ataques armados en Rosario<\/strong><\/p>\n\n\n\n<p>En paralelo, durante la noche del martes se registr\u00f3 una balacera contra un minimarket ubicado en <strong>Los Cocos al 3300<\/strong>, en la zona norte de Rosario. No hubo heridos y se constataron da\u00f1os materiales.<\/p>\n\n\n\n<p>Horas antes, en <strong>Empalme Graneros<\/strong>, un domicilio de <strong>Cullen al 1100 bis<\/strong> recibi\u00f3 al menos 12 disparos contra el frente. Tampoco se reportaron lesionados.<\/p>\n\n\n\n<p>A pocas cuadras, en <strong>Juan B. Justo y Ottone<\/strong>, un joven result\u00f3 herido de bala en el brazo derecho. Fue asistido por el <strong>SIES<\/strong>, trasladado a un centro de salud y recibi\u00f3 el alta tras las curaciones.<\/p>\n\n\n\n<p><strong>Hecho violento en Rold\u00e1n<\/strong><\/p>\n\n\n\n<p>Finalmente, en <strong>Chubut al 500<\/strong>, en jurisdicci\u00f3n de Rold\u00e1n, un hombre de 29 a\u00f1os fue apu\u00f1alado durante una pelea. La v\u00edctima fue atendida en el <strong>SAMCO<\/strong> local y luego derivada al <strong>Hospital Centenario<\/strong> con heridas cortopunzantes en el t\u00f3rax.<\/p>\n\n\n\n<p>Las causas permanecen en investigaci\u00f3n<\/p>\n<div class=\"newspaper-x-tags\"><strong>TAGS: <\/strong><span><a href=\"https:\/\/www.rosarioalerta.com.ar\/site\/archivos\/tag\/noticias-de-rosario\" rel=\"tag\">Noticias de Rosario<\/a><\/span><a href=\"https:\/\/www.rosarioalerta.com.ar\/site\/archivos\/tag\/rosario\" rel=\"tag\">Rosario<\/a><\/span><a href=\"https:\/\/www.rosarioalerta.com.ar\/site\/archivos\/tag\/santa-fe\" rel=\"tag\">Santa Fe<\/a> <\/div>","protected":false},"excerpt":{"rendered":"<p>Disparos contra un auto en Villa Gobernador G\u00e1lvez y heridos en Rosario y Rold\u00e1n El ataque ocurri\u00f3 a plena ma\u00f1ana y no dej\u00f3 heridos. Hubo otros episodios armados en Rosario y un apu\u00f1alado en Rold\u00e1n. Un abuso de arma fue denunciado este martes por la ma\u00f1ana en Villa Gobernador G\u00e1lvez, cuando desconocidos dispararon contra un [&hellip;]<\/p>\n","protected":false},"author":2,"featured_media":30423,"comment_status":"open","ping_status":"open","sticky":false,"template":"","format":"standard","meta":{"_joinchat":[],"footnotes":""},"categories":[15,17,21,14],"tags":[95,55,65],"class_list":["post-30422","post","type-post","status-publish","format-standard","has-post-thumbnail","hentry","category-balaceras","category-heridos","category-noticias","category-policiales","tag-noticias-de-rosario","tag-rosario","tag-santa-fe"],"_links":{"self":[{"href":"https:\/\/www.rosarioalerta.com.ar\/site\/wp-json\/wp\/v2\/posts\/30422","targetHints":{"allow":["GET"]}}],"collection":[{"href":"https:\/\/www.rosarioalerta.com.ar\/site\/wp-json\/wp\/v2\/posts"}],"about":[{"href":"https:\/\/www.rosarioalerta.com.ar\/site\/wp-json\/wp\/v2\/types\/post"}],"author":[{"embeddable":true,"href":"https:\/\/www.rosarioalerta.com.ar\/site\/wp-json\/wp\/v2\/users\/2"}],"replies":[{"embeddable":true,"href":"https:\/\/www.rosarioalerta.com.ar\/site\/wp-json\/wp\/v2\/comments?post=30422"}],"version-history":[{"count":1,"href":"https:\/\/www.rosarioalerta.com.ar\/site\/wp-json\/wp\/v2\/posts\/30422\/revisions"}],"predecessor-version":[{"id":30424,"href":"https:\/\/www.rosarioalerta.com.ar\/site\/wp-json\/wp\/v2\/posts\/30422\/revisions\/30424"}],"wp:featuredmedia":[{"embeddable":true,"href":"https:\/\/www.rosarioalerta.com.ar\/site\/wp-json\/wp\/v2\/media\/30423"}],"wp:attachment":[{"href":"https:\/\/www.rosarioalerta.com.ar\/site\/wp-json\/wp\/v2\/media?parent=30422"}],"wp:term":[{"taxonomy":"category","embeddable":true,"href":"https:\/\/www.rosarioalerta.com.ar\/site\/wp-json\/wp\/v2\/categories?post=30422"},{"taxonomy":"post_tag","embeddable":true,"href":"https:\/\/www.rosarioalerta.com.ar\/site\/wp-json\/wp\/v2\/tags?post=30422"}],"curies":[{"name":"wp","href":"https:\/\/api.w.org\/{rel}","templated":true}]}}