{"id":30417,"date":"2026-01-21T07:22:17","date_gmt":"2026-01-21T10:22:17","guid":{"rendered":"https:\/\/www.rosarioalerta.com.ar\/site\/?p=30417"},"modified":"2026-01-21T07:23:16","modified_gmt":"2026-01-21T10:23:16","slug":"se-entrego-la-pareja-de-jija-avejera","status":"publish","type":"post","link":"https:\/\/www.rosarioalerta.com.ar\/site\/archivos\/30417","title":{"rendered":"Se entreg\u00f3 la pareja de \u201cJija\u201d Avejera"},"content":{"rendered":"\n<p>Es otra pata investigada por el autoatentado denunciado por Norma Acosta<\/p>\n\n\n\n<p>Est\u00e1 vinculada a la causa que investiga una balacera simulada ocurrida el a\u00f1o pasado. La investigaci\u00f3n apunta a una red de responsabilidades que involucra a integrantes de <strong>la barra de Newell\u2019s<\/strong>.<\/p>\n\n\n\n<p>Una mujer investigada por el <strong>autoatentado<\/strong> denunciado por <strong>Norma Acosta<\/strong> se present\u00f3 este martes en la sede de <strong>Asuntos Internos<\/strong> y qued\u00f3 detenida. Se trata de <strong>Mayra Daiana G de 33 a\u00f1os<\/strong>, pareja de <strong>Emiliano \u201cJija\u201d Avejera, ex jefe de la barra brava de Newell\u2019s<\/strong>. La causa es llevada adelante por el fiscal <strong>Pablo Socca<\/strong> y se origin\u00f3 por una balacera ocurrida en mayo de 2025, que habr\u00eda sido organizada para simular un ataque externo y generar una denuncia contra la Polic\u00eda.<\/p>\n\n\n\n<p>El episodio investigado tuvo lugar el <strong>7 de mayo del pasado a\u00f1o<\/strong>, en una vivienda ubicada en <strong>Largu\u00eda al 3400<\/strong>. En un primer momento, la balacera fue denunciada como un atentado contra el domicilio de <strong>Norma Acosta<\/strong>. Sin embargo, la investigaci\u00f3n posterior determin\u00f3 que los disparos habr\u00edan sido planificados por la propia moradora.<\/p>\n\n\n\n<p>Seg\u00fan la acusaci\u00f3n fiscal, el objetivo era reforzar denuncias p\u00fablicas que <strong>Acosta<\/strong> realizaba por presuntos hechos de corrupci\u00f3n policial.<\/p>\n\n\n\n<p>De acuerdo con la causa, <strong>Acosta<\/strong> <strong>habr\u00eda ordenado la ejecuci\u00f3n del ataque<\/strong>. La autor\u00eda material fue atribuida a <strong>Juan Jos\u00e9 G alias \u201cJJ\u201d,<\/strong> quien permanece detenido junto a otros hombres sindicados por tareas de inteligencia y apoyo log\u00edstico.<\/p>\n\n\n\n<p>En ese entramado aparece <strong>Mayra G<\/strong>, se\u00f1alada como un eslab\u00f3n en la cadena de responsabilidades que permiti\u00f3 la concreci\u00f3n del hecho.<\/p>\n\n\n\n<p>Por orden del fiscal <strong>Socca<\/strong>, el martes se realizaron allanamientos en dos domicilios vinculados a la mujer. Tras esas medidas, la sospechada se present\u00f3 voluntariamente en <strong>Asuntos Internos<\/strong> y qued\u00f3 a disposici\u00f3n judicial. Ser\u00e1 llevada a audiencia imputativa en los pr\u00f3ximos d\u00edas.<\/p>\n<div class=\"newspaper-x-tags\"><strong>TAGS: <\/strong><span><a href=\"https:\/\/www.rosarioalerta.com.ar\/site\/archivos\/tag\/emiliano-jija-avejera\" rel=\"tag\">Emiliano \u201cJija\u201d Avejera<\/a><\/span><a href=\"https:\/\/www.rosarioalerta.com.ar\/site\/archivos\/tag\/jija-arvejera\" rel=\"tag\">Jija Arvejera<\/a><\/span><a href=\"https:\/\/www.rosarioalerta.com.ar\/site\/archivos\/tag\/newells\" rel=\"tag\">Newells<\/a><\/span><a href=\"https:\/\/www.rosarioalerta.com.ar\/site\/archivos\/tag\/norma-acosta\" rel=\"tag\">Norma Acosta<\/a><\/span><a href=\"https:\/\/www.rosarioalerta.com.ar\/site\/archivos\/tag\/noticias-de-rosario\" rel=\"tag\">Noticias de Rosario<\/a><\/span><a href=\"https:\/\/www.rosarioalerta.com.ar\/site\/archivos\/tag\/rosario\" rel=\"tag\">Rosario<\/a><\/span><a href=\"https:\/\/www.rosarioalerta.com.ar\/site\/archivos\/tag\/santa-fe\" rel=\"tag\">Santa Fe<\/a> <\/div>","protected":false},"excerpt":{"rendered":"<p>Es otra pata investigada por el autoatentado denunciado por Norma Acosta Est\u00e1 vinculada a la causa que investiga una balacera simulada ocurrida el a\u00f1o pasado. La investigaci\u00f3n apunta a una red de responsabilidades que involucra a integrantes de la barra de Newell\u2019s. Una mujer investigada por el autoatentado denunciado por Norma Acosta se present\u00f3 este [&hellip;]<\/p>\n","protected":false},"author":2,"featured_media":30418,"comment_status":"open","ping_status":"open","sticky":false,"template":"","format":"standard","meta":{"_joinchat":[],"footnotes":""},"categories":[15,11,13,21,14],"tags":[1942,1941,75,1464,95,55,65],"class_list":["post-30417","post","type-post","status-publish","format-standard","has-post-thumbnail","hentry","category-balaceras","category-detenidos","category-judiciales","category-noticias","category-policiales","tag-emiliano-jija-avejera","tag-jija-arvejera","tag-newells","tag-norma-acosta","tag-noticias-de-rosario","tag-rosario","tag-santa-fe"],"_links":{"self":[{"href":"https:\/\/www.rosarioalerta.com.ar\/site\/wp-json\/wp\/v2\/posts\/30417","targetHints":{"allow":["GET"]}}],"collection":[{"href":"https:\/\/www.rosarioalerta.com.ar\/site\/wp-json\/wp\/v2\/posts"}],"about":[{"href":"https:\/\/www.rosarioalerta.com.ar\/site\/wp-json\/wp\/v2\/types\/post"}],"author":[{"embeddable":true,"href":"https:\/\/www.rosarioalerta.com.ar\/site\/wp-json\/wp\/v2\/users\/2"}],"replies":[{"embeddable":true,"href":"https:\/\/www.rosarioalerta.com.ar\/site\/wp-json\/wp\/v2\/comments?post=30417"}],"version-history":[{"count":1,"href":"https:\/\/www.rosarioalerta.com.ar\/site\/wp-json\/wp\/v2\/posts\/30417\/revisions"}],"predecessor-version":[{"id":30419,"href":"https:\/\/www.rosarioalerta.com.ar\/site\/wp-json\/wp\/v2\/posts\/30417\/revisions\/30419"}],"wp:featuredmedia":[{"embeddable":true,"href":"https:\/\/www.rosarioalerta.com.ar\/site\/wp-json\/wp\/v2\/media\/30418"}],"wp:attachment":[{"href":"https:\/\/www.rosarioalerta.com.ar\/site\/wp-json\/wp\/v2\/media?parent=30417"}],"wp:term":[{"taxonomy":"category","embeddable":true,"href":"https:\/\/www.rosarioalerta.com.ar\/site\/wp-json\/wp\/v2\/categories?post=30417"},{"taxonomy":"post_tag","embeddable":true,"href":"https:\/\/www.rosarioalerta.com.ar\/site\/wp-json\/wp\/v2\/tags?post=30417"}],"curies":[{"name":"wp","href":"https:\/\/api.w.org\/{rel}","templated":true}]}}