{"id":30412,"date":"2026-01-20T15:55:04","date_gmt":"2026-01-20T18:55:04","guid":{"rendered":"https:\/\/www.rosarioalerta.com.ar\/site\/?p=30412"},"modified":"2026-01-20T15:55:07","modified_gmt":"2026-01-20T18:55:07","slug":"triple-crimen-en-las-flores","status":"publish","type":"post","link":"https:\/\/www.rosarioalerta.com.ar\/site\/archivos\/30412","title":{"rendered":"Triple crimen en Las Flores"},"content":{"rendered":"\n<p>Diez allanamientos de la PDI y una mujer a disposici\u00f3n de la Justicia<\/p>\n\n\n\n<p>La <strong>Polic\u00eda de Investigaciones<\/strong> realiz\u00f3 operativos simult\u00e1neos en Rosario por orden del MPA. Secuestraron droga, municiones, dinero y celulares en el marco de la causa por el <strong>triple homicidio ocurrido en diciembre de 2025<\/strong>.<\/p>\n\n\n\n<p>La investigaci\u00f3n por el <strong>triple crimen en Las Flores<\/strong> registr\u00f3 un nuevo avance este martes por la noche, cuando la <strong>Polic\u00eda de Investigaciones<\/strong> (PDI) ejecut\u00f3 diez allanamientos simult\u00e1neos en ese barrio del sur de Rosario. Los procedimientos fueron ordenados por el Ministerio P\u00fablico de la Acusaci\u00f3n (MPA), se desarrollaron en distintos domicilios de la zona y derivaron en el secuestro de estupefacientes, municiones, dinero en efectivo y tel\u00e9fonos celulares. Una mujer qued\u00f3 a disposici\u00f3n de la Justicia. Las medidas buscan esclarecer el homicidio de tres personas ocurrido en diciembre de 2025.<\/p>\n\n\n\n<p>Los operativos estuvieron a cargo de la Unidad de Violencias Altamente Lesivas (UVAL) de la PDI, con apoyo de grupos t\u00e1cticos y de irrupci\u00f3n. Las requisas se realizaron de manera simult\u00e1nea para preservar la evidencia y evitar filtraciones de informaci\u00f3n durante el procedimiento.<\/p>\n\n\n\n<p>Las medidas se concretaron en viviendas ubicadas en <strong>Espa\u00f1a y Estrella Federal, Ceibo al 1400, Plat\u00f3n y Ulises, Espa\u00f1a y un pasaje peatonal, Heliotropo al 1700, San Mart\u00edn y 5 de Agosto, 5 de Agosto al 1500 y dos calles sin denominaci\u00f3n oficial.<\/strong><\/p>\n\n\n\n<p>Durante los allanamientos, los agentes secuestraron unos 16 gramos de una sustancia compatible con coca\u00edna, una planta de cannabis, cartuchos calibre 38, dinero en efectivo y ocho celulares. Todo el material fue remitido a la <strong>Brigada de Microtr\u00e1fico<\/strong> para su an\u00e1lisis.<\/p>\n\n\n\n<p>La causa est\u00e1 a cargo del fiscal <strong>Ignacio Hueso<\/strong>, quien coordina las medidas para reconstruir la din\u00e1mica del hecho y determinar responsabilidades penales.<\/p>\n\n\n\n<p>Desde el Ministerio de Justicia y Seguridad indicaron que los procedimientos forman parte de una l\u00ednea de trabajo sostenida para el abordaje de hechos violentos complejos y la obtenci\u00f3n de evidencia clave para las investigaciones en curso.<\/p>\n\n\n\n<p>El <strong>triple crimen<\/strong> <strong>ocurri\u00f3 en diciembre de 2025<\/strong> en la zona de <strong>Espa\u00f1a y Lirio<\/strong>, donde resultaron heridas dos personas adem\u00e1s de las v\u00edctimas fatales. La investigaci\u00f3n contin\u00faa bajo la \u00f3rbita del MPA, con an\u00e1lisis de los elementos secuestrados y nuevas medidas en evaluaci\u00f3n.<\/p>\n<div class=\"newspaper-x-tags\"><strong>TAGS: <\/strong><span><a href=\"https:\/\/www.rosarioalerta.com.ar\/site\/archivos\/tag\/noticias-de-rosario\" rel=\"tag\">Noticias de Rosario<\/a><\/span><a href=\"https:\/\/www.rosarioalerta.com.ar\/site\/archivos\/tag\/rosario\" rel=\"tag\">Rosario<\/a><\/span><a href=\"https:\/\/www.rosarioalerta.com.ar\/site\/archivos\/tag\/santa-fe\" rel=\"tag\">Santa Fe<\/a><\/span><a href=\"https:\/\/www.rosarioalerta.com.ar\/site\/archivos\/tag\/triple-crimen-de-las-flores\" rel=\"tag\">Triple Crimen de Las Flores<\/a> <\/div>","protected":false},"excerpt":{"rendered":"<p>Diez allanamientos de la PDI y una mujer a disposici\u00f3n de la Justicia La Polic\u00eda de Investigaciones realiz\u00f3 operativos simult\u00e1neos en Rosario por orden del MPA. Secuestraron droga, municiones, dinero y celulares en el marco de la causa por el triple homicidio ocurrido en diciembre de 2025. La investigaci\u00f3n por el triple crimen en Las [&hellip;]<\/p>\n","protected":false},"author":2,"featured_media":30413,"comment_status":"open","ping_status":"open","sticky":false,"template":"","format":"standard","meta":{"_joinchat":[],"footnotes":""},"categories":[12,11,6,13,494,21,14],"tags":[95,55,65,1940],"class_list":["post-30412","post","type-post","status-publish","format-standard","has-post-thumbnail","hentry","category-allanamientos","category-detenidos","category-homicidios","category-judiciales","category-microtrafico","category-noticias","category-policiales","tag-noticias-de-rosario","tag-rosario","tag-santa-fe","tag-triple-crimen-de-las-flores"],"_links":{"self":[{"href":"https:\/\/www.rosarioalerta.com.ar\/site\/wp-json\/wp\/v2\/posts\/30412","targetHints":{"allow":["GET"]}}],"collection":[{"href":"https:\/\/www.rosarioalerta.com.ar\/site\/wp-json\/wp\/v2\/posts"}],"about":[{"href":"https:\/\/www.rosarioalerta.com.ar\/site\/wp-json\/wp\/v2\/types\/post"}],"author":[{"embeddable":true,"href":"https:\/\/www.rosarioalerta.com.ar\/site\/wp-json\/wp\/v2\/users\/2"}],"replies":[{"embeddable":true,"href":"https:\/\/www.rosarioalerta.com.ar\/site\/wp-json\/wp\/v2\/comments?post=30412"}],"version-history":[{"count":1,"href":"https:\/\/www.rosarioalerta.com.ar\/site\/wp-json\/wp\/v2\/posts\/30412\/revisions"}],"predecessor-version":[{"id":30414,"href":"https:\/\/www.rosarioalerta.com.ar\/site\/wp-json\/wp\/v2\/posts\/30412\/revisions\/30414"}],"wp:featuredmedia":[{"embeddable":true,"href":"https:\/\/www.rosarioalerta.com.ar\/site\/wp-json\/wp\/v2\/media\/30413"}],"wp:attachment":[{"href":"https:\/\/www.rosarioalerta.com.ar\/site\/wp-json\/wp\/v2\/media?parent=30412"}],"wp:term":[{"taxonomy":"category","embeddable":true,"href":"https:\/\/www.rosarioalerta.com.ar\/site\/wp-json\/wp\/v2\/categories?post=30412"},{"taxonomy":"post_tag","embeddable":true,"href":"https:\/\/www.rosarioalerta.com.ar\/site\/wp-json\/wp\/v2\/tags?post=30412"}],"curies":[{"name":"wp","href":"https:\/\/api.w.org\/{rel}","templated":true}]}}