{"id":30409,"date":"2026-01-20T15:44:22","date_gmt":"2026-01-20T18:44:22","guid":{"rendered":"https:\/\/www.rosarioalerta.com.ar\/site\/?p=30409"},"modified":"2026-01-20T15:44:30","modified_gmt":"2026-01-20T18:44:30","slug":"central-de-emergencias-911-de-rosario","status":"publish","type":"post","link":"https:\/\/www.rosarioalerta.com.ar\/site\/archivos\/30409","title":{"rendered":"Central de Emergencias 911 de Rosario"},"content":{"rendered":"\n<p>16 empresas compiten por una obra clave del plan de seguridad<\/p>\n\n\n\n<p>La Provincia abri\u00f3 las ofertas para construir el <strong>nuevo edificio del 911<\/strong>, con una inversi\u00f3n cercana a los <strong>$17.000 millones y un plazo de ejecuci\u00f3n de 18 meses.<\/strong> El proyecto se levantar\u00e1 en el norte de Rosario y busca fortalecer la respuesta policial y el an\u00e1lisis criminal.<\/p>\n\n\n\n<p>El Gobierno de Santa Fe realiz\u00f3 este martes la apertura de sobres de la licitaci\u00f3n para la construcci\u00f3n del nuevo edificio de la <strong>Central de Emergencias 911 de Rosario<\/strong>. El acto se llev\u00f3 a cabo en la Sede de Gobierno local, con la participaci\u00f3n de autoridades provinciales. La obra demandar\u00e1 una inversi\u00f3n estimada en $17.000 millones, tendr\u00e1 un plazo de ejecuci\u00f3n de 18 meses y apunta a modernizar el sistema de atenci\u00f3n de emergencias y gesti\u00f3n de la informaci\u00f3n criminal.<\/p>\n\n\n\n<p>La licitaci\u00f3n convoc\u00f3 a 16 empresas constructoras que presentaron sus propuestas t\u00e9cnicas y econ\u00f3micas. El edificio se emplazar\u00e1 en un lote de 875,30 m\u00b2 delimitado por las calles <strong>Thedy, Carballo, Gorriti, Monteagudo y V\u00e9lez Sarsfield<\/strong>. En ese predio funcionaron la Comisar\u00eda N\u00ba 8 de la Unidad Regional II y la ex C\u00e1rcel de Mujeres.<\/p>\n\n\n\n<p>El inmueble concentrar\u00e1 la <strong>Direcci\u00f3n General Central OJO<\/strong> y sus dos subdirecciones: la <strong>Central de Atenci\u00f3n de Emergencias 911<\/strong> y la <strong>Central de Informaci\u00f3n Criminal Operativa<\/strong> (CICO).<\/p>\n\n\n\n<p>El nuevo centro permitir\u00e1 integrar tecnolog\u00eda, an\u00e1lisis de datos y despacho de recursos en un mismo espacio. El objetivo es reducir los tiempos de respuesta y mejorar la coordinaci\u00f3n operativa en la ciudad y el \u00e1rea metropolitana.<\/p>\n\n\n\n<p>El secretario de Seguridad P\u00fablica, <strong>Omar Pereyra<\/strong>, sostuvo que el plan de seguridad del gobernador <strong>Maximiliano Pullaro<\/strong> \u201cva tomando forma y se hace visible\u201d, y defini\u00f3 a la obra como un pilar para lograr mayor eficiencia policial.<\/p>\n\n\n\n<p>En la misma l\u00ednea, el secretario de An\u00e1lisis y Gesti\u00f3n de la Informaci\u00f3n, <strong>Esteban Santantino<\/strong>, afirm\u00f3 que la Central \u201cno es un edificio m\u00e1s\u201d, sino parte de un modelo de seguridad basado en evidencia y nuevas tecnolog\u00edas.<\/p>\n\n\n\n<p>Desde la Unidad Ejecutora de Infraestructura en Seguridad P\u00fablica y Penitenciaria, <strong>Diego Leone<\/strong> indic\u00f3 que, tras la evaluaci\u00f3n de las ofertas, la construcci\u00f3n podr\u00eda comenzar en unos 45 d\u00edas. La previsi\u00f3n oficial es que el edificio est\u00e9 operativo en septiembre de 2027, como parte de una red de infraestructura estrat\u00e9gica en seguridad para la provincia.<\/p>\n<div class=\"newspaper-x-tags\"><strong>TAGS: <\/strong><span><a href=\"https:\/\/www.rosarioalerta.com.ar\/site\/archivos\/tag\/noticias-de-rosario\" rel=\"tag\">Noticias de Rosario<\/a><\/span><a href=\"https:\/\/www.rosarioalerta.com.ar\/site\/archivos\/tag\/rosario\" rel=\"tag\">Rosario<\/a><\/span><a href=\"https:\/\/www.rosarioalerta.com.ar\/site\/archivos\/tag\/santa-fe\" rel=\"tag\">Santa Fe<\/a> <\/div>","protected":false},"excerpt":{"rendered":"<p>16 empresas compiten por una obra clave del plan de seguridad La Provincia abri\u00f3 las ofertas para construir el nuevo edificio del 911, con una inversi\u00f3n cercana a los $17.000 millones y un plazo de ejecuci\u00f3n de 18 meses. El proyecto se levantar\u00e1 en el norte de Rosario y busca fortalecer la respuesta policial y [&hellip;]<\/p>\n","protected":false},"author":2,"featured_media":30410,"comment_status":"open","ping_status":"open","sticky":false,"template":"","format":"standard","meta":{"_joinchat":[],"footnotes":""},"categories":[18,21],"tags":[95,55,65],"class_list":["post-30409","post","type-post","status-publish","format-standard","has-post-thumbnail","hentry","category-institucional","category-noticias","tag-noticias-de-rosario","tag-rosario","tag-santa-fe"],"_links":{"self":[{"href":"https:\/\/www.rosarioalerta.com.ar\/site\/wp-json\/wp\/v2\/posts\/30409","targetHints":{"allow":["GET"]}}],"collection":[{"href":"https:\/\/www.rosarioalerta.com.ar\/site\/wp-json\/wp\/v2\/posts"}],"about":[{"href":"https:\/\/www.rosarioalerta.com.ar\/site\/wp-json\/wp\/v2\/types\/post"}],"author":[{"embeddable":true,"href":"https:\/\/www.rosarioalerta.com.ar\/site\/wp-json\/wp\/v2\/users\/2"}],"replies":[{"embeddable":true,"href":"https:\/\/www.rosarioalerta.com.ar\/site\/wp-json\/wp\/v2\/comments?post=30409"}],"version-history":[{"count":1,"href":"https:\/\/www.rosarioalerta.com.ar\/site\/wp-json\/wp\/v2\/posts\/30409\/revisions"}],"predecessor-version":[{"id":30411,"href":"https:\/\/www.rosarioalerta.com.ar\/site\/wp-json\/wp\/v2\/posts\/30409\/revisions\/30411"}],"wp:featuredmedia":[{"embeddable":true,"href":"https:\/\/www.rosarioalerta.com.ar\/site\/wp-json\/wp\/v2\/media\/30410"}],"wp:attachment":[{"href":"https:\/\/www.rosarioalerta.com.ar\/site\/wp-json\/wp\/v2\/media?parent=30409"}],"wp:term":[{"taxonomy":"category","embeddable":true,"href":"https:\/\/www.rosarioalerta.com.ar\/site\/wp-json\/wp\/v2\/categories?post=30409"},{"taxonomy":"post_tag","embeddable":true,"href":"https:\/\/www.rosarioalerta.com.ar\/site\/wp-json\/wp\/v2\/tags?post=30409"}],"curies":[{"name":"wp","href":"https:\/\/api.w.org\/{rel}","templated":true}]}}