{"id":30405,"date":"2026-01-20T08:30:30","date_gmt":"2026-01-20T11:30:30","guid":{"rendered":"https:\/\/www.rosarioalerta.com.ar\/site\/?p=30405"},"modified":"2026-01-20T08:30:31","modified_gmt":"2026-01-20T11:30:31","slug":"microtrafico-en-las-flores","status":"publish","type":"post","link":"https:\/\/www.rosarioalerta.com.ar\/site\/archivos\/30405","title":{"rendered":"Microtr\u00e1fico en Las Flores"},"content":{"rendered":"\n<p>Siete de los detenidos quedaron presos y dos en libertad<\/p>\n\n\n\n<p>La Justicia imput\u00f3 a nueve personas por comercio y tenencia de estupefacientes tras un operativo en el sur de <strong>Rosario<\/strong>. El foco estuvo en la zona conocida como <strong>La Ciudad Perdida<\/strong>, escenario de <strong>un triple crimen<\/strong> en diciembre.<\/p>\n\n\n\n<p><strong>Nueve personas<\/strong> fueron imputadas este domingo en una audiencia judicial por delitos vinculados al microtr\u00e1fico de drogas en <strong>barrio Las Flores<\/strong>, en <strong>Rosario<\/strong>. El juez <strong>Alejandro Negroni<\/strong> resolvi\u00f3 dictar prisi\u00f3n preventiva por tres meses para <strong>siete de los acusados<\/strong> y <strong>otorgar la libertad con restricciones<\/strong> a <strong>otros dos<\/strong>. La audiencia fue el desenlace judicial de un operativo realizado la semana pasada en un sector postergado del barrio.<\/p>\n\n\n\n<p>El procedimiento se desarroll\u00f3 a partir de registros domiciliarios autorizados el 13 de enero y ejecutados al d\u00eda siguiente en distintos puntos de <strong>Las Flores Sur<\/strong>, en un asentamiento conocido como <strong>La Ciudad Perdida<\/strong>, lindero al <strong>Hospital Regional Sur<\/strong>. La zona hab\u00eda sido priorizada tras un triple crimen ocurrido en diciembre, en inmediaciones de un b\u00fanker de venta de drogas.<\/p>\n\n\n\n<p>Durante los allanamientos secuestraron dosis de coca\u00edna, marihuana, dinero en efectivo y elementos utilizados para el fraccionamiento.<\/p>\n\n\n\n<p>El fiscal <strong>C\u00e9sar Cabrera<\/strong> imput\u00f3 a <strong>Emanuel Francisco Fern\u00e1ndez y Moria Beatriz Fern\u00e1ndez <\/strong>como coautores del delito de comercio de estupefacientes, por una actividad sostenida entre el 20 de diciembre de 2025 y el 14 de enero de 2026.<\/p>\n\n\n\n<p>Tambi\u00e9n fueron imputados <strong>Mat\u00edas Ezequiel Canteros; Lorena Andrea Enr\u00edquez; Gast\u00f3n Dami\u00e1n R\u00edos; D\u00e9bora Beatriz Fern\u00e1ndez; Carlos Roberto Ben\u00edtez; Gustavo Ariel Coronel y Damaris Bel\u00e9n Almada<\/strong>, todos por tenencia de estupefacientes con fines de comercializaci\u00f3n, en car\u00e1cter de autores o coautores, seg\u00fan cada caso.<\/p>\n\n\n\n<p>El juez Negroni dispuso la <strong>prisi\u00f3n preventiva efectiva por tres meses<\/strong> para <strong>Emanuel Francisco Fern\u00e1ndez, Moria Beatriz Fern\u00e1ndez, Lorena Andrea Enr\u00edquez, Gast\u00f3n Dami\u00e1n R\u00edos, D\u00e9bora Beatriz Fern\u00e1ndez, Gustavo Ariel Coronel y Damaris Bel\u00e9n Almada<\/strong>. En tanto, <strong>Carlos Roberto Ben\u00edtez y Mat\u00edas Ezequiel Canteros<\/strong> <strong>recuperaron la libertad<\/strong> con restricciones.<\/p>\n\n\n\n<p>La causa se inscribe en investigaciones por narcomenudeo en zonas vulnerables, donde la venta minorista aparece asociada a econom\u00edas de subsistencia y a estructuras criminales m\u00e1s amplias. El proceso judicial continuar\u00e1 con nuevas medidas probatorias.<\/p>\n\n\n\n<p>El operativo se concentr\u00f3 en el sector conocido como <strong>La Ciudad Perdida<\/strong>, un asentamiento ubicado al sur de <strong>barrio Las Flores,<\/strong> lindero al <strong>Hospital Regional Sur<\/strong>. Se trata de una zona de calles irregulares, pasajes internos y viviendas precarias, con escasa iluminaci\u00f3n y accesos reducidos.<\/p>\n\n\n\n<p>Estas caracter\u00edsticas dificultan la prevenci\u00f3n policial y favorecen el funcionamiento de puntos de venta de droga al menudeo. En diciembre, el \u00e1rea qued\u00f3 bajo fuerte atenci\u00f3n judicial tras un triple crimen ocurrido en las inmediaciones de un b\u00fanker, donde fueron asesinados tres consumidores.<\/p>\n\n\n\n<p>La reiteraci\u00f3n de hechos violentos motiv\u00f3 el refuerzo de tareas investigativas y la ejecuci\u00f3n de allanamientos simult\u00e1neos en distintos domicilios del sector.<\/p>\n<div class=\"newspaper-x-tags\"><strong>TAGS: <\/strong><span><a href=\"https:\/\/www.rosarioalerta.com.ar\/site\/archivos\/tag\/ciudad-perdida\" rel=\"tag\">Ciudad Perdida<\/a><\/span><a href=\"https:\/\/www.rosarioalerta.com.ar\/site\/archivos\/tag\/las-flores\" rel=\"tag\">Las FLores<\/a><\/span><a href=\"https:\/\/www.rosarioalerta.com.ar\/site\/archivos\/tag\/noticias-de-rosario\" rel=\"tag\">Noticias de Rosario<\/a><\/span><a href=\"https:\/\/www.rosarioalerta.com.ar\/site\/archivos\/tag\/rosario\" rel=\"tag\">Rosario<\/a><\/span><a href=\"https:\/\/www.rosarioalerta.com.ar\/site\/archivos\/tag\/santa-fe\" rel=\"tag\">Santa Fe<\/a> <\/div>","protected":false},"excerpt":{"rendered":"<p>Siete de los detenidos quedaron presos y dos en libertad La Justicia imput\u00f3 a nueve personas por comercio y tenencia de estupefacientes tras un operativo en el sur de Rosario. El foco estuvo en la zona conocida como La Ciudad Perdida, escenario de un triple crimen en diciembre. Nueve personas fueron imputadas este domingo en [&hellip;]<\/p>\n","protected":false},"author":2,"featured_media":30406,"comment_status":"open","ping_status":"open","sticky":false,"template":"","format":"standard","meta":{"_joinchat":[],"footnotes":""},"categories":[12,11,13,494,21,14],"tags":[1938,1939,95,55,65],"class_list":["post-30405","post","type-post","status-publish","format-standard","has-post-thumbnail","hentry","category-allanamientos","category-detenidos","category-judiciales","category-microtrafico","category-noticias","category-policiales","tag-ciudad-perdida","tag-las-flores","tag-noticias-de-rosario","tag-rosario","tag-santa-fe"],"_links":{"self":[{"href":"https:\/\/www.rosarioalerta.com.ar\/site\/wp-json\/wp\/v2\/posts\/30405","targetHints":{"allow":["GET"]}}],"collection":[{"href":"https:\/\/www.rosarioalerta.com.ar\/site\/wp-json\/wp\/v2\/posts"}],"about":[{"href":"https:\/\/www.rosarioalerta.com.ar\/site\/wp-json\/wp\/v2\/types\/post"}],"author":[{"embeddable":true,"href":"https:\/\/www.rosarioalerta.com.ar\/site\/wp-json\/wp\/v2\/users\/2"}],"replies":[{"embeddable":true,"href":"https:\/\/www.rosarioalerta.com.ar\/site\/wp-json\/wp\/v2\/comments?post=30405"}],"version-history":[{"count":1,"href":"https:\/\/www.rosarioalerta.com.ar\/site\/wp-json\/wp\/v2\/posts\/30405\/revisions"}],"predecessor-version":[{"id":30407,"href":"https:\/\/www.rosarioalerta.com.ar\/site\/wp-json\/wp\/v2\/posts\/30405\/revisions\/30407"}],"wp:featuredmedia":[{"embeddable":true,"href":"https:\/\/www.rosarioalerta.com.ar\/site\/wp-json\/wp\/v2\/media\/30406"}],"wp:attachment":[{"href":"https:\/\/www.rosarioalerta.com.ar\/site\/wp-json\/wp\/v2\/media?parent=30405"}],"wp:term":[{"taxonomy":"category","embeddable":true,"href":"https:\/\/www.rosarioalerta.com.ar\/site\/wp-json\/wp\/v2\/categories?post=30405"},{"taxonomy":"post_tag","embeddable":true,"href":"https:\/\/www.rosarioalerta.com.ar\/site\/wp-json\/wp\/v2\/tags?post=30405"}],"curies":[{"name":"wp","href":"https:\/\/api.w.org\/{rel}","templated":true}]}}