{"id":30402,"date":"2026-01-20T08:24:05","date_gmt":"2026-01-20T11:24:05","guid":{"rendered":"https:\/\/www.rosarioalerta.com.ar\/site\/?p=30402"},"modified":"2026-01-20T08:24:07","modified_gmt":"2026-01-20T11:24:07","slug":"violencia-en-via-honda","status":"publish","type":"post","link":"https:\/\/www.rosarioalerta.com.ar\/site\/archivos\/30402","title":{"rendered":"Violencia en V\u00eda Honda"},"content":{"rendered":"\n<p>Un hombre herido de bala y un detenido por amenazas<\/p>\n\n\n\n<p>Un ataque armado dej\u00f3 a un hombre herido en la v\u00eda p\u00fablica en el oeste de Rosario. Horas antes, la polic\u00eda detuvo a un cuidacoches tras una denuncia por amenazas.<\/p>\n\n\n\n<p>Un hombre result\u00f3 herido de bala y con golpes en la cabeza este lunes en la zona de <strong>Felipe Mor\u00e9 y Pte Quintana<\/strong>, junto a las <strong>v\u00edas del ferrocarril Belgrano,<\/strong> en <strong>Rosario<\/strong>. El ataque ocurri\u00f3 en circunstancias que a\u00fan se investigan y la v\u00edctima fue trasladada al <strong>Hospital de Emergencias Clemente \u00c1lvarez <\/strong>(HECA) por una ambulancia del <strong>SIES<\/strong>. El hecho se registr\u00f3 en un sector donde se repiten intervenciones policiales.<\/p>\n\n\n\n<p>Seg\u00fan las primeras actuaciones, la agresi\u00f3n se produjo en la v\u00eda p\u00fablica. La v\u00edctima recibi\u00f3 un disparo en la pierna izquierda y sufri\u00f3 lesiones en la cabeza producto de golpes. Tras el aviso al 911, personal sanitario asisti\u00f3 al herido y lo deriv\u00f3 al hospital para su atenci\u00f3n.<\/p>\n\n\n\n<p>Hasta el momento no se informaron detenidos por este hecho, ni se precisaron las motivaciones del ataque. La Polic\u00eda inici\u00f3 tareas para establecer la mec\u00e1nica del episodio y dar con los responsables. Se relevaron testimonios en la zona y se analizar\u00e1n c\u00e1maras de seguridad p\u00fablicas y privadas cercanas al lugar del ataque.<\/p>\n\n\n\n<p>En el mismo marco de operativos preventivos, horas antes, personal de la <strong>Brigada Motorizada<\/strong> intervino en <strong>Paseo de las Artes y Los Inmigrantes<\/strong> por un hecho de amenazas. All\u00ed, un automovilista denunci\u00f3 que un cuidacoches lo intimid\u00f3 tras negarse a pagarle dinero.<\/p>\n\n\n\n<p>El involucrado, identificado como <strong>Claudio F de 38 a\u00f1os<\/strong>, fue aprehendido y trasladado a la <strong>Comisar\u00eda 2\u00ba<\/strong>. El veh\u00edculo, un Peugeot 2008 blanco, no presentaba da\u00f1os.<\/p>\n<div class=\"newspaper-x-tags\"><strong>TAGS: <\/strong><span><a href=\"https:\/\/www.rosarioalerta.com.ar\/site\/archivos\/tag\/noticias-de-rosario\" rel=\"tag\">Noticias de Rosario<\/a><\/span><a href=\"https:\/\/www.rosarioalerta.com.ar\/site\/archivos\/tag\/rosario\" rel=\"tag\">Rosario<\/a><\/span><a href=\"https:\/\/www.rosarioalerta.com.ar\/site\/archivos\/tag\/santa-fe\" rel=\"tag\">Santa Fe<\/a> <\/div>","protected":false},"excerpt":{"rendered":"<p>Un hombre herido de bala y un detenido por amenazas Un ataque armado dej\u00f3 a un hombre herido en la v\u00eda p\u00fablica en el oeste de Rosario. Horas antes, la polic\u00eda detuvo a un cuidacoches tras una denuncia por amenazas. Un hombre result\u00f3 herido de bala y con golpes en la cabeza este lunes en [&hellip;]<\/p>\n","protected":false},"author":2,"featured_media":30403,"comment_status":"open","ping_status":"open","sticky":false,"template":"","format":"standard","meta":{"_joinchat":[],"footnotes":""},"categories":[11,17,21,14],"tags":[95,55,65],"class_list":["post-30402","post","type-post","status-publish","format-standard","has-post-thumbnail","hentry","category-detenidos","category-heridos","category-noticias","category-policiales","tag-noticias-de-rosario","tag-rosario","tag-santa-fe"],"_links":{"self":[{"href":"https:\/\/www.rosarioalerta.com.ar\/site\/wp-json\/wp\/v2\/posts\/30402","targetHints":{"allow":["GET"]}}],"collection":[{"href":"https:\/\/www.rosarioalerta.com.ar\/site\/wp-json\/wp\/v2\/posts"}],"about":[{"href":"https:\/\/www.rosarioalerta.com.ar\/site\/wp-json\/wp\/v2\/types\/post"}],"author":[{"embeddable":true,"href":"https:\/\/www.rosarioalerta.com.ar\/site\/wp-json\/wp\/v2\/users\/2"}],"replies":[{"embeddable":true,"href":"https:\/\/www.rosarioalerta.com.ar\/site\/wp-json\/wp\/v2\/comments?post=30402"}],"version-history":[{"count":1,"href":"https:\/\/www.rosarioalerta.com.ar\/site\/wp-json\/wp\/v2\/posts\/30402\/revisions"}],"predecessor-version":[{"id":30404,"href":"https:\/\/www.rosarioalerta.com.ar\/site\/wp-json\/wp\/v2\/posts\/30402\/revisions\/30404"}],"wp:featuredmedia":[{"embeddable":true,"href":"https:\/\/www.rosarioalerta.com.ar\/site\/wp-json\/wp\/v2\/media\/30403"}],"wp:attachment":[{"href":"https:\/\/www.rosarioalerta.com.ar\/site\/wp-json\/wp\/v2\/media?parent=30402"}],"wp:term":[{"taxonomy":"category","embeddable":true,"href":"https:\/\/www.rosarioalerta.com.ar\/site\/wp-json\/wp\/v2\/categories?post=30402"},{"taxonomy":"post_tag","embeddable":true,"href":"https:\/\/www.rosarioalerta.com.ar\/site\/wp-json\/wp\/v2\/tags?post=30402"}],"curies":[{"name":"wp","href":"https:\/\/api.w.org\/{rel}","templated":true}]}}