{"id":30388,"date":"2026-01-19T13:30:49","date_gmt":"2026-01-19T16:30:49","guid":{"rendered":"https:\/\/www.rosarioalerta.com.ar\/site\/?p=30388"},"modified":"2026-01-19T13:30:55","modified_gmt":"2026-01-19T16:30:55","slug":"balacera-en-zona-oeste-4","status":"publish","type":"post","link":"https:\/\/www.rosarioalerta.com.ar\/site\/archivos\/30388","title":{"rendered":"Balacera en zona oeste"},"content":{"rendered":"\n<p>Tres heridos detr\u00e1s del Cementerio La Piedad<\/p>\n\n\n\n<p>Una nueva balacera en la zona oeste de Rosario dej\u00f3 tres personas heridas por arma de fuego en un asentamiento ubicado sobre calle <strong>Brasil al 2700<\/strong>, detr\u00e1s del <strong>Cementerio La Piedad.<\/strong> El ataque ocurri\u00f3 el domingo por la tarde y se produjo en un sector marcado por una seguidilla reciente de hechos violentos.<\/p>\n\n\n\n<p>El episodio se registr\u00f3 cerca de las 18.30, cuando vecinos alertaron a la <strong>Central de Emergencias del 911<\/strong>, tras escuchar alrededor de treinta detonaciones. Gatilleros que se desplazaban en moto abrieron fuego contra personas que se encontraban en la v\u00eda p\u00fablica. Las v\u00edctimas fueron asistidas por el <strong>SIES<\/strong> y trasladadas a distintos hospitales. Las causas del ataque a\u00fan se investigan.<\/p>\n\n\n\n<p>Al llegar al lugar, personal policial encontr\u00f3 a tres hombres con heridas de bala. En la escena secuestraron al menos 26 vainas servidas de un calibre que no fue informado oficialmente. El asentamiento est\u00e1 ubicado detr\u00e1s del muro perimetral del cementerio, en una zona de viviendas precarias con pasillos angostos.<\/p>\n\n\n\n<p>Dos de los heridos fueron derivados al <strong>Hospital Centenario<\/strong>. Uno de ellos de 19 a\u00f1os, con una lesi\u00f3n en el gl\u00fateo derecho, el otro de 21, con un impacto en la pierna izquierda. Ambos se encontraban fuera de peligro.<\/p>\n\n\n\n<p>El tercer herido, <strong>Edgardo R de 45 a\u00f1os<\/strong>, fue trasladado al <strong>Hospital de Emergencias Clemente \u00c1lvarez<\/strong> con m\u00faltiples heridas de arma de fuego. Su estado fue descripto como reservado. Fuentes judiciales confirmaron su identidad y antecedentes, aunque aclararon que no hay v\u00ednculos probados entre el ataque y disputas previas.<\/p>\n\n\n\n<p>Investigadores se\u00f1alaron que <strong>Edgardo R<\/strong>. hab\u00eda sido mencionado en <strong>cr\u00f3nicas policiales de 2010<\/strong> como <strong>integrante de la barra brava de Newell\u2019s<\/strong>, tras un incidente en el estadio. Sin embargo, descartaron por el momento una relaci\u00f3n directa con ese antecedente.<\/p>\n\n\n\n<p>La balacera se suma a otros hechos graves ocurridos en el mismo sector. El s\u00e1bado previo, un adolescente de 16 a\u00f1os fue demorado en un pasillo cercano con dos armas de fuego. Una semana antes, una mujer de 48 a\u00f1os fue asesinada a tiros en la zona.<\/p>\n\n\n\n<p>Las actuaciones quedaron a cargo del Ministerio P\u00fablico de la Acusaci\u00f3n, que busca establecer responsabilidades y determinar si los episodios responden a un conflicto territorial en curso.<\/p>\n<div class=\"newspaper-x-tags\"><strong>TAGS: <\/strong><span><a href=\"https:\/\/www.rosarioalerta.com.ar\/site\/archivos\/tag\/noticias-de-rosario\" rel=\"tag\">Noticias de Rosario<\/a><\/span><a href=\"https:\/\/www.rosarioalerta.com.ar\/site\/archivos\/tag\/rosario\" rel=\"tag\">Rosario<\/a><\/span><a href=\"https:\/\/www.rosarioalerta.com.ar\/site\/archivos\/tag\/santa-fe\" rel=\"tag\">Santa Fe<\/a> <\/div>","protected":false},"excerpt":{"rendered":"<p>Tres heridos detr\u00e1s del Cementerio La Piedad Una nueva balacera en la zona oeste de Rosario dej\u00f3 tres personas heridas por arma de fuego en un asentamiento ubicado sobre calle Brasil al 2700, detr\u00e1s del Cementerio La Piedad. El ataque ocurri\u00f3 el domingo por la tarde y se produjo en un sector marcado por una [&hellip;]<\/p>\n","protected":false},"author":2,"featured_media":30389,"comment_status":"open","ping_status":"open","sticky":false,"template":"","format":"standard","meta":{"_joinchat":[],"footnotes":""},"categories":[15,17,21,14],"tags":[95,55,65],"class_list":["post-30388","post","type-post","status-publish","format-standard","has-post-thumbnail","hentry","category-balaceras","category-heridos","category-noticias","category-policiales","tag-noticias-de-rosario","tag-rosario","tag-santa-fe"],"_links":{"self":[{"href":"https:\/\/www.rosarioalerta.com.ar\/site\/wp-json\/wp\/v2\/posts\/30388","targetHints":{"allow":["GET"]}}],"collection":[{"href":"https:\/\/www.rosarioalerta.com.ar\/site\/wp-json\/wp\/v2\/posts"}],"about":[{"href":"https:\/\/www.rosarioalerta.com.ar\/site\/wp-json\/wp\/v2\/types\/post"}],"author":[{"embeddable":true,"href":"https:\/\/www.rosarioalerta.com.ar\/site\/wp-json\/wp\/v2\/users\/2"}],"replies":[{"embeddable":true,"href":"https:\/\/www.rosarioalerta.com.ar\/site\/wp-json\/wp\/v2\/comments?post=30388"}],"version-history":[{"count":1,"href":"https:\/\/www.rosarioalerta.com.ar\/site\/wp-json\/wp\/v2\/posts\/30388\/revisions"}],"predecessor-version":[{"id":30390,"href":"https:\/\/www.rosarioalerta.com.ar\/site\/wp-json\/wp\/v2\/posts\/30388\/revisions\/30390"}],"wp:featuredmedia":[{"embeddable":true,"href":"https:\/\/www.rosarioalerta.com.ar\/site\/wp-json\/wp\/v2\/media\/30389"}],"wp:attachment":[{"href":"https:\/\/www.rosarioalerta.com.ar\/site\/wp-json\/wp\/v2\/media?parent=30388"}],"wp:term":[{"taxonomy":"category","embeddable":true,"href":"https:\/\/www.rosarioalerta.com.ar\/site\/wp-json\/wp\/v2\/categories?post=30388"},{"taxonomy":"post_tag","embeddable":true,"href":"https:\/\/www.rosarioalerta.com.ar\/site\/wp-json\/wp\/v2\/tags?post=30388"}],"curies":[{"name":"wp","href":"https:\/\/api.w.org\/{rel}","templated":true}]}}