{"id":30375,"date":"2026-01-18T13:34:41","date_gmt":"2026-01-18T16:34:41","guid":{"rendered":"https:\/\/www.rosarioalerta.com.ar\/site\/?p=30375"},"modified":"2026-01-18T13:34:42","modified_gmt":"2026-01-18T16:34:42","slug":"santa-fe-refuerza-la-seguridad-penitenciaria","status":"publish","type":"post","link":"https:\/\/www.rosarioalerta.com.ar\/site\/archivos\/30375","title":{"rendered":"Santa Fe refuerza la seguridad penitenciaria"},"content":{"rendered":"\n<p>Ahora incorporaron nuevas paletas detectoras de metales<\/p>\n\n\n\n<p>Los dispositivos fueron adquiridos con fondos de subastas de bienes decomisados al delito y ya fueron incorporados al Servicio Penitenciario provincial. El Gobierno de Santa Fe entreg\u00f3 20 paletas detectoras de metales al Servicio Penitenciario provincial. La incorporaci\u00f3n se concret\u00f3 esta semana en la Unidad Penitenciaria N\u00b02 de Las Flores, en la ciudad de Santa Fe, y fue financiada con dinero obtenido de subastas de bienes decomisados a delincuentes. El objetivo es fortalecer los controles de seguridad en las c\u00e1rceles y mejorar los procedimientos de requisa.<\/p>\n\n\n\n<p>La adquisici\u00f3n fue realizada por la Agencia Provincial de Registro, Administraci\u00f3n y Destino de Bienes y Derechos Patrimoniales (Aprad), dependiente del Ministerio de Gobierno e Innovaci\u00f3n P\u00fablica. Se trata de 20 dispositivos de origen estadounidense que se suman al equipamiento penitenciario existente.<\/p>\n\n\n\n<p>Las paletas ya fueron asignadas al Servicio Penitenciario y comenzar\u00e1n a utilizarse en tareas de control dentro de las unidades carcelarias de la provincia.<\/p>\n\n\n\n<p>El secretario de Gesti\u00f3n de Registros Provinciales, Mat\u00edas Figueroa Escauriza, explic\u00f3 que el financiamiento proviene de la venta de bienes incautados al delito. \u201cEs una pol\u00edtica in\u00e9dita a nivel nacional. Parte de ese dinero vuelve a la sociedad en forma de m\u00e1s control y m\u00e1s seguridad\u201d, se\u00f1al\u00f3 durante la conferencia de prensa.<\/p>\n\n\n\n<p>El funcionario record\u00f3 que en 2024 se hab\u00edan adquirido 10 paletas con el mismo mecanismo y destac\u00f3 que esta nueva compra ampl\u00eda las capacidades operativas del sistema penitenciario.<\/p>\n\n\n\n<p>Por su parte, la secretaria de Asuntos Penales, Luc\u00eda Masneri, precis\u00f3 que los dispositivos ser\u00e1n utilizados principalmente por el grupo centralizado de requisas. \u201cPermiten reforzar el control de pabellones, internos y personas que ingresan a las unidades\u201d, afirm\u00f3.<\/p>\n\n\n\n<p>Masneri detall\u00f3 que las paletas pueden detectar distintos niveles de metal, desde objetos peque\u00f1os hasta elementos de mayor tama\u00f1o, y operar en modo sonoro o silencioso, seg\u00fan el procedimiento requerido.<\/p>\n\n\n\n<p>Desde el Ministerio de Gobierno remarcaron que la reutilizaci\u00f3n de bienes decomisados permite reducir costos y acelerar tiempos administrativos. Adem\u00e1s de equipamiento de seguridad, estos fondos tambi\u00e9n se destinan a educaci\u00f3n y ordenamiento del Estado.<\/p>\n\n\n\n<p>Las nuevas paletas ya forman parte del esquema de control penitenciario y se suman a otras medidas orientadas a reforzar la seguridad en c\u00e1rceles mientras avanza la modernizaci\u00f3n de la infraestructura.<\/p>\n<div class=\"newspaper-x-tags\"><strong>TAGS: <\/strong><span><a href=\"https:\/\/www.rosarioalerta.com.ar\/site\/archivos\/tag\/aprad\" rel=\"tag\">APRAD<\/a><\/span><a href=\"https:\/\/www.rosarioalerta.com.ar\/site\/archivos\/tag\/noticias-de-rosario\" rel=\"tag\">Noticias de Rosario<\/a><\/span><a href=\"https:\/\/www.rosarioalerta.com.ar\/site\/archivos\/tag\/rosario\" rel=\"tag\">Rosario<\/a><\/span><a href=\"https:\/\/www.rosarioalerta.com.ar\/site\/archivos\/tag\/santa-fe\" rel=\"tag\">Santa Fe<\/a><\/span><a href=\"https:\/\/www.rosarioalerta.com.ar\/site\/archivos\/tag\/servicio-penitenciario\" rel=\"tag\">Servicio Penitenciario<\/a> <\/div>","protected":false},"excerpt":{"rendered":"<p>Ahora incorporaron nuevas paletas detectoras de metales Los dispositivos fueron adquiridos con fondos de subastas de bienes decomisados al delito y ya fueron incorporados al Servicio Penitenciario provincial. El Gobierno de Santa Fe entreg\u00f3 20 paletas detectoras de metales al Servicio Penitenciario provincial. La incorporaci\u00f3n se concret\u00f3 esta semana en la Unidad Penitenciaria N\u00b02 de [&hellip;]<\/p>\n","protected":false},"author":2,"featured_media":30376,"comment_status":"open","ping_status":"open","sticky":false,"template":"","format":"standard","meta":{"_joinchat":[],"footnotes":""},"categories":[18,21],"tags":[649,95,55,65,213],"class_list":["post-30375","post","type-post","status-publish","format-standard","has-post-thumbnail","hentry","category-institucional","category-noticias","tag-aprad","tag-noticias-de-rosario","tag-rosario","tag-santa-fe","tag-servicio-penitenciario"],"_links":{"self":[{"href":"https:\/\/www.rosarioalerta.com.ar\/site\/wp-json\/wp\/v2\/posts\/30375","targetHints":{"allow":["GET"]}}],"collection":[{"href":"https:\/\/www.rosarioalerta.com.ar\/site\/wp-json\/wp\/v2\/posts"}],"about":[{"href":"https:\/\/www.rosarioalerta.com.ar\/site\/wp-json\/wp\/v2\/types\/post"}],"author":[{"embeddable":true,"href":"https:\/\/www.rosarioalerta.com.ar\/site\/wp-json\/wp\/v2\/users\/2"}],"replies":[{"embeddable":true,"href":"https:\/\/www.rosarioalerta.com.ar\/site\/wp-json\/wp\/v2\/comments?post=30375"}],"version-history":[{"count":1,"href":"https:\/\/www.rosarioalerta.com.ar\/site\/wp-json\/wp\/v2\/posts\/30375\/revisions"}],"predecessor-version":[{"id":30377,"href":"https:\/\/www.rosarioalerta.com.ar\/site\/wp-json\/wp\/v2\/posts\/30375\/revisions\/30377"}],"wp:featuredmedia":[{"embeddable":true,"href":"https:\/\/www.rosarioalerta.com.ar\/site\/wp-json\/wp\/v2\/media\/30376"}],"wp:attachment":[{"href":"https:\/\/www.rosarioalerta.com.ar\/site\/wp-json\/wp\/v2\/media?parent=30375"}],"wp:term":[{"taxonomy":"category","embeddable":true,"href":"https:\/\/www.rosarioalerta.com.ar\/site\/wp-json\/wp\/v2\/categories?post=30375"},{"taxonomy":"post_tag","embeddable":true,"href":"https:\/\/www.rosarioalerta.com.ar\/site\/wp-json\/wp\/v2\/tags?post=30375"}],"curies":[{"name":"wp","href":"https:\/\/api.w.org\/{rel}","templated":true}]}}