{"id":30354,"date":"2026-01-17T14:17:44","date_gmt":"2026-01-17T17:17:44","guid":{"rendered":"https:\/\/www.rosarioalerta.com.ar\/site\/?p=30354"},"modified":"2026-01-17T14:17:55","modified_gmt":"2026-01-17T17:17:55","slug":"robo-en-la-florida","status":"publish","type":"post","link":"https:\/\/www.rosarioalerta.com.ar\/site\/archivos\/30354","title":{"rendered":"Robo en La Florida"},"content":{"rendered":"\n<p>Dos detenidos y un arma secuestrada<\/p>\n\n\n\n<p>Un robo ocurrido el <strong>13 de enero de 2026<\/strong> en barrio <strong>La Florida<\/strong> deriv\u00f3 en la detenci\u00f3n de <strong>dos hombres y el secuestro de un arma de fuego<\/strong>, luego de una investigaci\u00f3n encabezada por la <strong>Divisi\u00f3n Judicial<\/strong>. El operativo se desarroll\u00f3 este viernes en distintos puntos de la ciudad, bajo directivas del fiscal Dr. Covani, a cargo de la Unidad Fiscal NN.<\/p>\n\n\n\n<p>El episodio se registr\u00f3 en calle <strong>Williams al 3600<\/strong>, cuando dos hombres cometieron un robo y huyeron a bordo de un <strong>Chevrolet Aveo gris<\/strong>. La secuencia qued\u00f3 registrada por c\u00e1maras de seguridad privadas, cuyas im\u00e1genes circularon en medios y aportaron datos clave para la identificaci\u00f3n del veh\u00edculo.<\/p>\n\n\n\n<p>Con esa informaci\u00f3n, personal de la <strong>Divisi\u00f3n Judicial<\/strong> realiz\u00f3 tareas de calle y confirm\u00f3 caracter\u00edsticas precisas del autom\u00f3vil. El fiscal interviniente emiti\u00f3 un pedido de secuestro activo del rodado para su incautaci\u00f3n en la v\u00eda p\u00fablica. El veh\u00edculo fue localizado ayer por la noche en la zona de <strong>Villa del Parque y Salvat<\/strong>.<\/p>\n\n\n\n<p>Horas antes, <strong>Nazareno Sebasti\u00e1n R de 45 a\u00f1os<\/strong>, fue trasladado a sede policial para su identificaci\u00f3n y notificado por una causa vinculada a tentativa de robo, con solicitud de antecedentes.<\/p>\n\n\n\n<p>Minutos antes de la medianoche el <strong>Chevrolet Aveo<\/strong> fue interceptado en <strong>Villa del Parque al 3400<\/strong>. Tras una autorizaci\u00f3n judicial, ingresaron al domicilio y lograron aprehender al segundo sospechoso, <strong>Agusto A de 32 a\u00f1os.<\/strong> En el lugar, el hombre entreg\u00f3 voluntariamente una pistola calibre 11.25 con cargador y cinco cartuchos.<\/p>\n\n\n\n<p>Por disposici\u00f3n del Dr. Covani, ambos fueron trasladados a la <strong>Divisi\u00f3n Judicial.<\/strong> El veh\u00edculo y el arma quedaron secuestrados como elementos probatorios. La causa contin\u00faa en investigaci\u00f3n para determinar responsabilidades y eventuales v\u00ednculos con otros hechos similares.<\/p>\n<div class=\"newspaper-x-tags\"><strong>TAGS: <\/strong><span><a href=\"https:\/\/www.rosarioalerta.com.ar\/site\/archivos\/tag\/noticias-de-rosario\" rel=\"tag\">Noticias de Rosario<\/a><\/span><a href=\"https:\/\/www.rosarioalerta.com.ar\/site\/archivos\/tag\/rosario\" rel=\"tag\">Rosario<\/a><\/span><a href=\"https:\/\/www.rosarioalerta.com.ar\/site\/archivos\/tag\/santa-fe\" rel=\"tag\">Santa Fe<\/a> <\/div>","protected":false},"excerpt":{"rendered":"<p>Dos detenidos y un arma secuestrada Un robo ocurrido el 13 de enero de 2026 en barrio La Florida deriv\u00f3 en la detenci\u00f3n de dos hombres y el secuestro de un arma de fuego, luego de una investigaci\u00f3n encabezada por la Divisi\u00f3n Judicial. El operativo se desarroll\u00f3 este viernes en distintos puntos de la ciudad, [&hellip;]<\/p>\n","protected":false},"author":2,"featured_media":30355,"comment_status":"open","ping_status":"open","sticky":false,"template":"","format":"standard","meta":{"_joinchat":[],"footnotes":""},"categories":[12,11,21,14,2],"tags":[95,55,65],"class_list":["post-30354","post","type-post","status-publish","format-standard","has-post-thumbnail","hentry","category-allanamientos","category-detenidos","category-noticias","category-policiales","category-robos","tag-noticias-de-rosario","tag-rosario","tag-santa-fe"],"_links":{"self":[{"href":"https:\/\/www.rosarioalerta.com.ar\/site\/wp-json\/wp\/v2\/posts\/30354","targetHints":{"allow":["GET"]}}],"collection":[{"href":"https:\/\/www.rosarioalerta.com.ar\/site\/wp-json\/wp\/v2\/posts"}],"about":[{"href":"https:\/\/www.rosarioalerta.com.ar\/site\/wp-json\/wp\/v2\/types\/post"}],"author":[{"embeddable":true,"href":"https:\/\/www.rosarioalerta.com.ar\/site\/wp-json\/wp\/v2\/users\/2"}],"replies":[{"embeddable":true,"href":"https:\/\/www.rosarioalerta.com.ar\/site\/wp-json\/wp\/v2\/comments?post=30354"}],"version-history":[{"count":1,"href":"https:\/\/www.rosarioalerta.com.ar\/site\/wp-json\/wp\/v2\/posts\/30354\/revisions"}],"predecessor-version":[{"id":30356,"href":"https:\/\/www.rosarioalerta.com.ar\/site\/wp-json\/wp\/v2\/posts\/30354\/revisions\/30356"}],"wp:featuredmedia":[{"embeddable":true,"href":"https:\/\/www.rosarioalerta.com.ar\/site\/wp-json\/wp\/v2\/media\/30355"}],"wp:attachment":[{"href":"https:\/\/www.rosarioalerta.com.ar\/site\/wp-json\/wp\/v2\/media?parent=30354"}],"wp:term":[{"taxonomy":"category","embeddable":true,"href":"https:\/\/www.rosarioalerta.com.ar\/site\/wp-json\/wp\/v2\/categories?post=30354"},{"taxonomy":"post_tag","embeddable":true,"href":"https:\/\/www.rosarioalerta.com.ar\/site\/wp-json\/wp\/v2\/tags?post=30354"}],"curies":[{"name":"wp","href":"https:\/\/api.w.org\/{rel}","templated":true}]}}