{"id":30349,"date":"2026-01-17T09:07:04","date_gmt":"2026-01-17T12:07:04","guid":{"rendered":"https:\/\/www.rosarioalerta.com.ar\/site\/?p=30349"},"modified":"2026-01-17T09:07:05","modified_gmt":"2026-01-17T12:07:05","slug":"piden-ayuda-para-alexis-ardiles","status":"publish","type":"post","link":"https:\/\/www.rosarioalerta.com.ar\/site\/archivos\/30349","title":{"rendered":"Piden ayuda para Alexis Ardiles"},"content":{"rendered":"\n<p>Se trata del joven que lucha por su vida tras haber sufrido un ataque incendiario<\/p>\n\n\n\n<p>El hecho ocurri\u00f3 en la zona de <strong>Circunvalaci\u00f3n y Baigorria<\/strong>. La familia pide ayuda solidaria y acompa\u00f1a la investigaci\u00f3n judicial. Un ataque a un joven en <strong>Rosario<\/strong> mantiene en vilo a familiares y vecinos. El hecho ocurri\u00f3 d\u00edas atr\u00e1s, en la zona de <strong>Circunvalaci\u00f3n y Baigorria<\/strong>, cuando <strong>Alexis Gabriel Ardiles<\/strong> fue agredido mientras dorm\u00eda junto a sus hermanos debajo de un puente. El joven permanece internado en terapia intensiva en el <strong>HECA<\/strong>, con pron\u00f3stico reservado. La denuncia ya fue presentada y el caso est\u00e1 bajo investigaci\u00f3n judicial.<\/p>\n\n\n\n<p>Seg\u00fan el testimonio de un familiar directo, dos hombres descendieron de un autom\u00f3vil Peugeot 206 negro, cruzaron las v\u00edas cercanas a una f\u00e1brica de vidrio y se dirigieron al lugar donde descansaban los hermanos. All\u00ed los agredieron con elementos contundentes mientras dorm\u00edan. <strong>Alexis<\/strong> result\u00f3 con las lesiones m\u00e1s graves y debi\u00f3 ser trasladado de urgencia al hospital.<\/p>\n\n\n\n<p>Tras el ataque, la familia radic\u00f3 la denuncia correspondiente y aport\u00f3 datos sobre los presuntos agresores. La fiscal\u00eda de turno orden\u00f3 medidas para reconstruir la secuencia, identificar a los responsables, logrando la polic\u00eda detenerlos. La Justicia dispuso la prisi\u00f3n preventiva para <strong>Arber Milton A. y Manuel Fabi\u00e1n M, ambos de 35 a\u00f1os<\/strong>, imputados por el violento episodio<\/p>\n\n\n\n<p>La hermana de <strong>Alexis<\/strong>, se comunic\u00f3 con <strong>Rosario Alerta<\/strong> y manifest\u00f3; <strong><em>\u201cMi hermano hoy est\u00e1 peleando por su vida\u201d<\/em><\/strong>, quien tambi\u00e9n remarc\u00f3 que <strong>Alexis<\/strong> <strong><em>\u201cnunca le hizo da\u00f1o a nadie\u201d.<\/em><\/strong> La familia atraviesa una situaci\u00f3n de extrema vulnerabilidad y realiza traslados diarios al <strong>HECA<\/strong> y a dependencias judiciales.<\/p>\n\n\n\n<p>Antes del ataque, la familia se encontraba en situaci\u00f3n de extrema vulnerabilidad habitacional. Tras el hecho, perdieron todas sus pertenencias, lo que motiv\u00f3 un pedido p\u00fablico de ayuda.<\/p>\n\n\n\n<p>Datos para colaborar<\/p>\n\n\n\n<p><strong>Alias: donacion.alexis<\/strong><\/p>\n\n\n\n<p>Titular: Griselda Gonz\u00e1lez Adolfa<\/p>\n\n\n\n<p>Contacto: <strong>341 247 4309<\/strong><\/p>\n\n\n\n<p>Tambi\u00e9n se reciben donaciones de <strong>heladera usada, colch\u00f3n, s\u00e1banas, ropa y frazadas.<\/strong><\/p>\n\n\n\n<p><strong>Alexis<\/strong> contin\u00faa internado en terapia intensiva. La causa sigue su curso judicial con los acusados detenidos bajo prisi\u00f3n preventiva.<\/p>\n<div class=\"newspaper-x-tags\"><strong>TAGS: <\/strong><span><a href=\"https:\/\/www.rosarioalerta.com.ar\/site\/archivos\/tag\/alexis-gabriel-ardiles\" rel=\"tag\">Alexis Gabriel Ardiles<\/a><\/span><a href=\"https:\/\/www.rosarioalerta.com.ar\/site\/archivos\/tag\/noticias-de-rosario\" rel=\"tag\">Noticias de Rosario<\/a><\/span><a href=\"https:\/\/www.rosarioalerta.com.ar\/site\/archivos\/tag\/rosario\" rel=\"tag\">Rosario<\/a><\/span><a href=\"https:\/\/www.rosarioalerta.com.ar\/site\/archivos\/tag\/santa-fe\" rel=\"tag\">Santa Fe<\/a> <\/div>","protected":false},"excerpt":{"rendered":"<p>Se trata del joven que lucha por su vida tras haber sufrido un ataque incendiario El hecho ocurri\u00f3 en la zona de Circunvalaci\u00f3n y Baigorria. La familia pide ayuda solidaria y acompa\u00f1a la investigaci\u00f3n judicial. Un ataque a un joven en Rosario mantiene en vilo a familiares y vecinos. El hecho ocurri\u00f3 d\u00edas atr\u00e1s, en [&hellip;]<\/p>\n","protected":false},"author":2,"featured_media":30350,"comment_status":"open","ping_status":"open","sticky":false,"template":"","format":"standard","meta":{"_joinchat":[],"footnotes":""},"categories":[21,14],"tags":[1937,95,55,65],"class_list":["post-30349","post","type-post","status-publish","format-standard","has-post-thumbnail","hentry","category-noticias","category-policiales","tag-alexis-gabriel-ardiles","tag-noticias-de-rosario","tag-rosario","tag-santa-fe"],"_links":{"self":[{"href":"https:\/\/www.rosarioalerta.com.ar\/site\/wp-json\/wp\/v2\/posts\/30349","targetHints":{"allow":["GET"]}}],"collection":[{"href":"https:\/\/www.rosarioalerta.com.ar\/site\/wp-json\/wp\/v2\/posts"}],"about":[{"href":"https:\/\/www.rosarioalerta.com.ar\/site\/wp-json\/wp\/v2\/types\/post"}],"author":[{"embeddable":true,"href":"https:\/\/www.rosarioalerta.com.ar\/site\/wp-json\/wp\/v2\/users\/2"}],"replies":[{"embeddable":true,"href":"https:\/\/www.rosarioalerta.com.ar\/site\/wp-json\/wp\/v2\/comments?post=30349"}],"version-history":[{"count":1,"href":"https:\/\/www.rosarioalerta.com.ar\/site\/wp-json\/wp\/v2\/posts\/30349\/revisions"}],"predecessor-version":[{"id":30351,"href":"https:\/\/www.rosarioalerta.com.ar\/site\/wp-json\/wp\/v2\/posts\/30349\/revisions\/30351"}],"wp:featuredmedia":[{"embeddable":true,"href":"https:\/\/www.rosarioalerta.com.ar\/site\/wp-json\/wp\/v2\/media\/30350"}],"wp:attachment":[{"href":"https:\/\/www.rosarioalerta.com.ar\/site\/wp-json\/wp\/v2\/media?parent=30349"}],"wp:term":[{"taxonomy":"category","embeddable":true,"href":"https:\/\/www.rosarioalerta.com.ar\/site\/wp-json\/wp\/v2\/categories?post=30349"},{"taxonomy":"post_tag","embeddable":true,"href":"https:\/\/www.rosarioalerta.com.ar\/site\/wp-json\/wp\/v2\/tags?post=30349"}],"curies":[{"name":"wp","href":"https:\/\/api.w.org\/{rel}","templated":true}]}}